{"id":53827,"date":"2025-07-30T11:21:37","date_gmt":"2025-07-30T11:21:37","guid":{"rendered":"https:\/\/www.fanzword.com\/?p=53827"},"modified":"2025-07-30T11:21:37","modified_gmt":"2025-07-30T11:21:37","slug":"nouvelle-bataille-au-real-madrid-pour-le-numero-9","status":"publish","type":"post","link":"https:\/\/www.fanzword.com\/fr\/nouvelle-bataille-au-real-madrid-pour-le-numero-9\/","title":{"rendered":"Nouvelle bataille au Real Madrid pour le num\u00e9ro 9\u00a0!"},"content":{"rendered":"<p>Il semble que les conflits au sein du vestiaire du Real Madrid soient incessants. Cette fois, trois joueurs sont en comp\u00e9tition pour porter le num\u00e9ro 9 la saison prochaine, compte tenu de sa grande valeur et de son importance particuli\u00e8re au Santiago Bernab\u00e9u.<\/p>\n<p>Kylian Mbapp\u00e9 a port\u00e9 le num\u00e9ro 9 la saison derni\u00e8re, mais la direction du club a d\u00e9cid\u00e9 de lui confier le num\u00e9ro 10 apr\u00e8s le d\u00e9part de Luka Modri\u0107 pour des raisons financi\u00e8res. Le num\u00e9ro 10 est ainsi devenu disponible pour l&rsquo;attaquant titulaire des Merengues.<\/p>\n<p>Selon AS, trois joueurs seraient int\u00e9ress\u00e9s par le num\u00e9ro 9 apr\u00e8s Mbapp\u00e9. Le premier \u00e0 en parler est le Br\u00e9silien Endrick, qui dispute sa deuxi\u00e8me saison dans la capitale espagnole et estime m\u00e9riter cet honneur en tant qu&rsquo;attaquant titulaire actuel.<\/p>\n<p>Le deuxi\u00e8me nom est Gonzalo Garcia, le jeune attaquant qui s&rsquo;est r\u00e9v\u00e9l\u00e9 comme une star lors de la Coupe du Monde des Clubs 2025, terminant meilleur buteur du tournoi avec quatre buts. Le joueur de 21 ans b\u00e9n\u00e9ficie de la confiance de l&rsquo;entra\u00eeneur Xabi Alonso, ce qui fait de lui un candidat s\u00e9rieux pour porter le num\u00e9ro 9, surtout apr\u00e8s la d\u00e9cision de le conserver et de ne pas le pr\u00eater la saison prochaine.<\/p>\n<p>Le troisi\u00e8me nom, tr\u00e8s improbable, est celui de la nouvelle recrue Franco Mastrantuono. Il semble toutefois illogique qu&rsquo;il porte le num\u00e9ro 9, \u00e9tant donn\u00e9 qu&rsquo;il \u00e9volue au poste de milieu de terrain et qu&rsquo;il n&rsquo;a jamais port\u00e9 ce num\u00e9ro de sa carri\u00e8re.<\/p>\n<p>La direction du Real Madrid devrait jouer un r\u00f4le dans la s\u00e9lection du successeur de Mbapp\u00e9 pour des raisons \u00e9conomiques. \u00c0 cet \u00e9gard, il pourrait \u00eatre avantageux pour Endrick de porter le num\u00e9ro 9, car cela contribuerait \u00e0 augmenter les ventes du club au Br\u00e9sil et peut-\u00eatre dans le monde entier.<\/p>\n<p>Il convient de noter que le num\u00e9ro 9 a \u00e9t\u00e9 port\u00e9 par de nombreuses l\u00e9gendes du Real Madrid, notamment Cristiano Ronaldo et Karim Benzema, ainsi que Ronaldo Nazario, Ivan Zamorano et peut-\u00eatre la star la plus importante de l&rsquo;histoire des Merengue, Alfredo Di St\u00e9fano.<\/p>\n","protected":false},"excerpt":{"rendered":"<p>Il semble que les conflits au sein du vestiaire du Real Madrid soient incessants. Cette fois, trois joueurs sont en comp\u00e9tition pour porter le num\u00e9ro 9 la saison prochaine, compte tenu de sa grande valeur et de son importance particuli\u00e8re au Santiago Bernab\u00e9u. Kylian Mbapp\u00e9 a port\u00e9 le num\u00e9ro 9 la saison derni\u00e8re, mais la [&hellip;]<\/p>\n","protected":false},"author":2,"featured_media":53823,"comment_status":"closed","ping_status":"closed","sticky":false,"template":"","format":"standard","meta":{"sfio_featured_image":false,"sfio_embed_code":"","footnotes":""},"categories":[220,222],"tags":[],"class_list":["post-53827","post","type-post","status-publish","format-standard","has-post-thumbnail","hentry","category-la-liga-fr","category-real-madrid-fr"],"_links":{"self":[{"href":"https:\/\/www.fanzword.com\/fr\/wp-json\/wp\/v2\/posts\/53827","targetHints":{"allow":["GET"]}}],"collection":[{"href":"https:\/\/www.fanzword.com\/fr\/wp-json\/wp\/v2\/posts"}],"about":[{"href":"https:\/\/www.fanzword.com\/fr\/wp-json\/wp\/v2\/types\/post"}],"author":[{"embeddable":true,"href":"https:\/\/www.fanzword.com\/fr\/wp-json\/wp\/v2\/users\/2"}],"replies":[{"embeddable":true,"href":"https:\/\/www.fanzword.com\/fr\/wp-json\/wp\/v2\/comments?post=53827"}],"version-history":[{"count":1,"href":"https:\/\/www.fanzword.com\/fr\/wp-json\/wp\/v2\/posts\/53827\/revisions"}],"predecessor-version":[{"id":53828,"href":"https:\/\/www.fanzword.com\/fr\/wp-json\/wp\/v2\/posts\/53827\/revisions\/53828"}],"wp:featuredmedia":[{"embeddable":true,"href":"https:\/\/www.fanzword.com\/fr\/wp-json\/wp\/v2\/media\/53823"}],"wp:attachment":[{"href":"https:\/\/www.fanzword.com\/fr\/wp-json\/wp\/v2\/media?parent=53827"}],"wp:term":[{"taxonomy":"category","embeddable":true,"href":"https:\/\/www.fanzword.com\/fr\/wp-json\/wp\/v2\/categories?post=53827"},{"taxonomy":"post_tag","embeddable":true,"href":"https:\/\/www.fanzword.com\/fr\/wp-json\/wp\/v2\/tags?post=53827"}],"curies":[{"name":"wp","href":"https:\/\/api.w.org\/{rel}","templated":true}]}}