{"id":51224,"date":"2025-06-27T09:28:01","date_gmt":"2025-06-27T09:28:01","guid":{"rendered":"https:\/\/www.fanzword.com\/?p=51224"},"modified":"2025-06-27T09:28:01","modified_gmt":"2025-06-27T09:28:01","slug":"la-decision-est-prise-yamal-portera-le-maillot-historique-de-messi-a-barcelona","status":"publish","type":"post","link":"https:\/\/www.fanzword.com\/fr\/la-decision-est-prise-yamal-portera-le-maillot-historique-de-messi-a-barcelona\/","title":{"rendered":"La d\u00e9cision est prise\u2026 Yamal portera le maillot historique de Messi \u00e0 Barcelona"},"content":{"rendered":"<p>Les dirigeants du FC Barcelone sont conscients de l&rsquo;immense popularit\u00e9 acquise par Lamine Yamal gr\u00e2ce \u00e0 ses performances exceptionnelles, et la d\u00e9cision de lui rendre hommage a \u00e9t\u00e9 prise de la meilleure des mani\u00e8res, tant pour des raisons sportives que marketing.<\/p>\n<p>Depuis sa promotion en \u00e9quipe premi\u00e8re aux c\u00f4t\u00e9s de Xavi Hernandez il y a deux saisons, le joueur de 17 ans est devenu la star du FC Barcelone. Malgr\u00e9 son jeune \u00e2ge, il est rapidement devenu un candidat s\u00e9rieux au Ballon d&rsquo;Or.<\/p>\n<p><a href=\"https:\/\/www.fanzword.com\/fr\/lamine-yamal-est-ambassadeur-visa-pour-la-coupe-du-monde-2026\/\">Lamine Yamal est ambassadeur Visa pour la Coupe du Monde 2026<\/a><\/p>\n<h2>Yamal portera le maillot num\u00e9ro 10 \u00e0 Barcelone la saison prochaine.<\/h2>\n<p>Mundo Deportivo a confirm\u00e9 que la direction du FC Barcelone a d\u00e9cid\u00e9 de remettre \u00e0 Lamine Yamal le maillot num\u00e9ro 10, port\u00e9 par de nombreuses l\u00e9gendes du Bar\u00e7a, d\u00e8s la saison prochaine.<\/p>\n<p>Le maillot num\u00e9ro 10 appartenait \u00e0 Ansu Fati la saison derni\u00e8re, mais l&rsquo;international espagnol est d\u00e9sormais en route pour Monaco en pr\u00eat, et le num\u00e9ro sera bient\u00f4t disponible. La direction de Joan Laporta estime que personne ne m\u00e9rite plus que Yamal de porter ce maillot historique.<\/p>\n<p>La d\u00e9cision du FC Barcelone est motiv\u00e9e par deux raisons\u00a0: la premi\u00e8re est de valoriser le renouvellement du contrat de Yamal, qui devrait \u00eatre officialis\u00e9 lorsque le joueur aura 18\u00a0ans en juillet prochain. La seconde est d&rsquo;ordre marketing, car le club devrait engranger d&rsquo;importants b\u00e9n\u00e9fices en vendant le maillot num\u00e9ro 10 au nom de Yamal, \u00ab\u00a0h\u00e9ritier de Lionel Messi\u00a0\u00bb, au Camp Nou.<\/p>\n<blockquote class=\"twitter-tweet\">\n<p dir=\"ltr\" lang=\"en\">\ud83d\udea8\ud83d\udea8\ud83c\udf15| Lamine Yamal will be Barcelona\u2019s new 10.<\/p>\n<p>Everyone within the club is on board with this decision. It will be announced as soon as he turns 18 next month.<\/p>\n<p>[<a href=\"https:\/\/twitter.com\/sergisoleMD?ref_src=twsrc%5Etfw\" rel=\"nofollow noopener\" target=\"_blank\">@sergisoleMD<\/a>] \ud83d\udd35\ud83d\udd34\ud83c\udf1f <a href=\"https:\/\/t.co\/jUchYAxkxU\" rel=\"nofollow\">pic.twitter.com\/jUchYAxkxU<\/a><\/p>\n<p>\u2014 Managing Bar\u00e7a (@ManagingBarca) <a href=\"https:\/\/twitter.com\/ManagingBarca\/status\/1938470298455830574?ref_src=twsrc%5Etfw\" rel=\"nofollow noopener\" target=\"_blank\">June 27, 2025<\/a><\/p><\/blockquote>\n<p><script async src=\"https:\/\/platform.twitter.com\/widgets.js\" charset=\"utf-8\"><\/script><\/p>\n<h2>Le num\u00e9ro 10 barcelonais, synonyme de l\u00e9gendes<\/h2>\n<p>Le num\u00e9ro 10 barcelonais a vu na\u00eetre plusieurs l\u00e9gendes, dont la plus marquante est sans doute Lionel Messi, qui l&rsquo;a port\u00e9 de 2008 jusqu&rsquo;\u00e0 son d\u00e9part en 2021, \u00e9crivant l&rsquo;une des plus belles histoires du football.<\/p>\n<p>Le Ballon d&rsquo;Or des ann\u00e9es 1990, Hristo Stoichkov, a \u00e9galement port\u00e9 le num\u00e9ro 10, tout comme le l\u00e9gendaire entra\u00eeneur Pep Guardiola, ainsi que l&rsquo;un des plus grands joueurs br\u00e9siliens de l&rsquo;histoire, Romario. Diego Armando Maradona, qui a port\u00e9 le num\u00e9ro 10 pendant ses deux ann\u00e9es de carri\u00e8re, de 1982 \u00e0 1984, et le duo Rivaldo-Ronaldinho, l&rsquo;ont \u00e9galement port\u00e9.<\/p>\n<p><img fetchpriority=\"high\" decoding=\"async\" class=\" wp-image-51216 aligncenter\" src=\"https:\/\/www.fanzword.com\/wp-content\/uploads\/2025\/06\/ronaldinho-messi-300x200.webp\" alt=\"\" width=\"380\" height=\"253\" srcset=\"https:\/\/www.fanzword.com\/wp-content\/uploads\/2025\/06\/ronaldinho-messi-300x200.webp 300w, https:\/\/www.fanzword.com\/wp-content\/uploads\/2025\/06\/ronaldinho-messi-1024x683.webp 1024w, https:\/\/www.fanzword.com\/wp-content\/uploads\/2025\/06\/ronaldinho-messi-768x512.webp 768w, https:\/\/www.fanzword.com\/wp-content\/uploads\/2025\/06\/ronaldinho-messi-1536x1024.webp 1536w, https:\/\/www.fanzword.com\/wp-content\/uploads\/2025\/06\/ronaldinho-messi-2048x1366.webp 2048w\" sizes=\"(max-width: 380px) 100vw, 380px\" \/><\/p>\n<p>Apr\u00e8s son d\u00e9part de Barcelone, Messi a port\u00e9 le num\u00e9ro 10. C&rsquo;est Ansu Fati qui a re\u00e7u ce grand honneur. Cependant, des blessures ont consid\u00e9rablement entrav\u00e9 sa carri\u00e8re, et il a \u00e9t\u00e9 pr\u00eat\u00e9 \u00e0 Brighton. Il quitte d\u00e9sormais d\u00e9finitivement le Camp Nou, laissant son num\u00e9ro \u00e0 une l\u00e9gende montante, Lamine Yamal.<\/p>\n<h2>Statistiques de Yamal avec Barcelone<\/h2>\n<p>Depuis sa promotion en \u00e9quipe premi\u00e8re, Yamal a disput\u00e9 108 matchs avec Barcelone toutes comp\u00e9titions confondues, inscrivant 26 buts et d\u00e9livrant 35 passes d\u00e9cisives.<\/p>\n<p>Le joueur de 17 ans a men\u00e9 le Bar\u00e7a \u00e0 trois titres nationaux cette saison\u00a0: la Liga, la Coupe du Roi et la Supercoupe d&rsquo;Espagne.<\/p>\n<p><a href=\"https:\/\/www.fanzword.com\/fr\/a-24-ans-haaland-inscrit-le-300e-but-de-sa-carriere\/\">\u00c0 24\u00a0ans, Haaland marque le 300e but de sa carri\u00e8re\u00a0!<\/a><\/p>\n","protected":false},"excerpt":{"rendered":"<p>Les dirigeants du FC Barcelone sont conscients de l&rsquo;immense popularit\u00e9 acquise par Lamine Yamal gr\u00e2ce \u00e0 ses performances exceptionnelles, et la d\u00e9cision de lui rendre hommage a \u00e9t\u00e9 prise de la meilleure des mani\u00e8res, tant pour des raisons sportives que marketing. Depuis sa promotion en \u00e9quipe premi\u00e8re aux c\u00f4t\u00e9s de Xavi Hernandez il y a [&hellip;]<\/p>\n","protected":false},"author":2,"featured_media":51219,"comment_status":"closed","ping_status":"closed","sticky":false,"template":"","format":"standard","meta":{"sfio_featured_image":false,"sfio_embed_code":"","footnotes":""},"categories":[221,10],"tags":[],"class_list":["post-51224","post","type-post","status-publish","format-standard","has-post-thumbnail","hentry","category-barcelona-fr","category-non-classifiee"],"_links":{"self":[{"href":"https:\/\/www.fanzword.com\/fr\/wp-json\/wp\/v2\/posts\/51224","targetHints":{"allow":["GET"]}}],"collection":[{"href":"https:\/\/www.fanzword.com\/fr\/wp-json\/wp\/v2\/posts"}],"about":[{"href":"https:\/\/www.fanzword.com\/fr\/wp-json\/wp\/v2\/types\/post"}],"author":[{"embeddable":true,"href":"https:\/\/www.fanzword.com\/fr\/wp-json\/wp\/v2\/users\/2"}],"replies":[{"embeddable":true,"href":"https:\/\/www.fanzword.com\/fr\/wp-json\/wp\/v2\/comments?post=51224"}],"version-history":[{"count":1,"href":"https:\/\/www.fanzword.com\/fr\/wp-json\/wp\/v2\/posts\/51224\/revisions"}],"predecessor-version":[{"id":51225,"href":"https:\/\/www.fanzword.com\/fr\/wp-json\/wp\/v2\/posts\/51224\/revisions\/51225"}],"wp:featuredmedia":[{"embeddable":true,"href":"https:\/\/www.fanzword.com\/fr\/wp-json\/wp\/v2\/media\/51219"}],"wp:attachment":[{"href":"https:\/\/www.fanzword.com\/fr\/wp-json\/wp\/v2\/media?parent=51224"}],"wp:term":[{"taxonomy":"category","embeddable":true,"href":"https:\/\/www.fanzword.com\/fr\/wp-json\/wp\/v2\/categories?post=51224"},{"taxonomy":"post_tag","embeddable":true,"href":"https:\/\/www.fanzword.com\/fr\/wp-json\/wp\/v2\/tags?post=51224"}],"curies":[{"name":"wp","href":"https:\/\/api.w.org\/{rel}","templated":true}]}}