{"id":51120,"date":"2025-06-25T08:13:26","date_gmt":"2025-06-25T08:13:26","guid":{"rendered":"https:\/\/www.fanzword.com\/?p=51120"},"modified":"2025-06-25T08:13:26","modified_gmt":"2025-06-25T08:13:26","slug":"quest-ce-qui-a-provoque-la-relegation-de-lyon-en-deuxieme-division","status":"publish","type":"post","link":"https:\/\/www.fanzword.com\/fr\/quest-ce-qui-a-provoque-la-relegation-de-lyon-en-deuxieme-division\/","title":{"rendered":"Qu&rsquo;est-ce qui a provoqu\u00e9 la rel\u00e9gation de Lyon en deuxi\u00e8me division\u00a0?"},"content":{"rendered":"<p>La d\u00e9cision s\u00e9v\u00e8re de l&rsquo;Autorit\u00e9 de Contr\u00f4le Financier du Football (ACF) de mardi, rel\u00e9guant Lyon en deuxi\u00e8me division, a choqu\u00e9 tout le monde.<\/p>\n<p>Lyon est l&rsquo;une des \u00e9quipes fran\u00e7aises les plus importantes et les plus prestigieuses de l&rsquo;histoire. Championne de France \u00e0 sept reprises, Lyon est \u00e9galement une joueuse r\u00e9guli\u00e8re en comp\u00e9titions europ\u00e9ennes et jouit d&rsquo;une immense popularit\u00e9, tant en France qu&rsquo;\u00e0 l&rsquo;\u00e9tranger.<\/p>\n<p>La saison derni\u00e8re, Lyon a termin\u00e9 sixi\u00e8me du championnat de France, se qualifiant pour la Ligue Europa. Cependant, malgr\u00e9 ses efforts pour r\u00e9soudre la crise, le club est toujours menac\u00e9 de rel\u00e9gation europ\u00e9enne.<\/p>\n<p><a href=\"https:\/\/www.fanzword.com\/fr\/le-real-madrid-recompense-mbappe-avec-le-maillot-numero-10\/\">Le Real Madrid r\u00e9compense Mbapp\u00e9 avec le maillot num\u00e9ro 10<\/a><\/p>\n<h2>Pourquoi Lyon a-t-il \u00e9t\u00e9 rel\u00e9gu\u00e9 en deuxi\u00e8me division\u00a0?<\/h2>\n<p>Ce n&rsquo;\u00e9tait pas la premi\u00e8re fois que l&rsquo;ACF rel\u00e9guait Lyon. Une d\u00e9cision similaire avait \u00e9t\u00e9 prise en novembre dernier en raison d&rsquo;un endettement croissant, qui avait contraint le club \u00e0 vendre plusieurs de ses joueurs vedettes lors du dernier mercato hivernal.<\/p>\n<p>Lyon a r\u00e9cemment r\u00e9alis\u00e9 des ventes plus importantes, la plus r\u00e9cente \u00e9tant celle de Rayan Cherki \u00e0 Manchester City. Cependant, cela n&rsquo;a pas suffi \u00e0 \u00e9ponger la dette accumul\u00e9e, estim\u00e9e \u00e0 500 millions d&rsquo;euros. La d\u00e9cision a \u00e9t\u00e9 prise lors d&rsquo;une r\u00e9union du conseil d&rsquo;administration avec la Direction des Sports du Contr\u00f4le Administratif de maintenir la rel\u00e9gation cette fois-ci.<\/p>\n<p>John Textor est le propri\u00e9taire de Lyon, et cette lourde amende intervient quelques heures seulement apr\u00e8s qu&rsquo;il a annonc\u00e9 la vente de sa participation dans un autre club, Crystal Palace, \u00e0 Woody Johnson, propri\u00e9taire des New York Jets, dans l&rsquo;espoir de contribuer au r\u00e8glement de la dette.<\/p>\n<blockquote class=\"twitter-tweet\">\n<p dir=\"ltr\" lang=\"en\">\ud83d\udea8 OFFICIAL: Olympique Lyon have been relegated to Ligue 2.<\/p>\n<p>The club has the possibility to appeal the decision. <a href=\"https:\/\/t.co\/T4UKbqYQBV\" rel=\"nofollow\">pic.twitter.com\/T4UKbqYQBV<\/a><\/p>\n<p>\u2014 Fabrizio Romano (@FabrizioRomano) <a href=\"https:\/\/twitter.com\/FabrizioRomano\/status\/1937584867128279050?ref_src=twsrc%5Etfw\" rel=\"nofollow noopener\" target=\"_blank\">June 24, 2025<\/a><\/p><\/blockquote>\n<p><script async src=\"https:\/\/platform.twitter.com\/widgets.js\" charset=\"utf-8\"><\/script><br \/>\nCette d\u00e9cision de vente a \u00e9t\u00e9 prise pour permettre \u00e0 Lyon de participer \u00e0 la Ligue Europa la saison prochaine, conform\u00e9ment au r\u00e8glement de l&rsquo;UEFA qui interdit \u00e0 deux clubs ayant le m\u00eame propri\u00e9taire de participer \u00e0 une m\u00eame comp\u00e9tition europ\u00e9enne. Cependant, la Premier League n&rsquo;a pas encore approuv\u00e9 la vente, Johnson devant d&rsquo;abord se soumettre au test des nouveaux propri\u00e9taires.<\/p>\n<p>Si la d\u00e9cision de rel\u00e9gation est \u00e0 nouveau confirm\u00e9e, Lyon sera exclu des comp\u00e9titions europ\u00e9ennes, m\u00eame en cas de vente de Crystal Palace.<\/p>\n<h2>Lyon r\u00e9agit \u00e0 la sanction de rel\u00e9gation<\/h2>\n<p>Cette sanction a \u00e9t\u00e9 un choc pour Lyon, et plus particuli\u00e8rement pour son propri\u00e9taire, Textor, qui avait assur\u00e9 \u00e0 L&rsquo;\u00c9quipe quelques semaines plus t\u00f4t que la rel\u00e9gation n&rsquo;aurait pas lieu et que la situation se stabiliserait rapidement. La r\u00e9union de mardi a ensuite port\u00e9 un coup dur au club.<\/p>\n<p>Lyon a publi\u00e9 un communiqu\u00e9 officiel qualifiant la d\u00e9cision du conseil d&rsquo;administration d&rsquo;\u00ab injustifi\u00e9e \u00bb, soulignant que le club avait respect\u00e9 toutes ses exigences, avec des investissements en capital d\u00e9passant les montants requis.<\/p>\n<p>Le communiqu\u00e9 poursuit\u00a0: \u00ab\u00a0Gr\u00e2ce aux contributions des actionnaires du club et \u00e0 la vente de Crystal Palace, notre situation financi\u00e8re s&rsquo;est consid\u00e9rablement am\u00e9lior\u00e9e et nous disposons d\u00e9sormais de ressources largement suffisantes pour la saison prochaine.\u00bb<\/p>\n<p><img fetchpriority=\"high\" decoding=\"async\" class=\"alignnone  wp-image-51111 aligncenter\" src=\"https:\/\/www.fanzword.com\/wp-content\/uploads\/2025\/06\/GettyImages-2211541158.jpg-300x169.webp\" alt=\"\" width=\"369\" height=\"208\" srcset=\"https:\/\/www.fanzword.com\/wp-content\/uploads\/2025\/06\/GettyImages-2211541158.jpg-300x169.webp 300w, https:\/\/www.fanzword.com\/wp-content\/uploads\/2025\/06\/GettyImages-2211541158.jpg-1024x576.webp 1024w, https:\/\/www.fanzword.com\/wp-content\/uploads\/2025\/06\/GettyImages-2211541158.jpg-768x432.webp 768w, https:\/\/www.fanzword.com\/wp-content\/uploads\/2025\/06\/GettyImages-2211541158.jpg.webp 1320w\" sizes=\"(max-width: 369px) 100vw, 369px\" \/><\/p>\n<p>Le club a \u00e9galement annonc\u00e9 dans son communiqu\u00e9 qu&rsquo;il ferait appel de la d\u00e9cision, ce qui permettrait \u00e0 la direction lyonnaise de d\u00e9montrer sa capacit\u00e9 \u00e0 fournir les ressources financi\u00e8res n\u00e9cessaires pour assurer le maintien de l&rsquo;\u00e9quipe parmi l&rsquo;\u00e9lite du championnat fran\u00e7ais.<\/p>\n<p>Outre cet appel, Lyon devrait vendre plusieurs autres joueurs afin de r\u00e9duire sa dette. Il semblerait que le premier \u00e0 partir soit Malick Fofana, qui a re\u00e7u une offre importante de Chelsea.<\/p>\n<h2>Vifes critiques \u00e0 l&rsquo;encontre du propri\u00e9taire Textor<\/h2>\n<p>Les m\u00e9dias fran\u00e7ais estiment que la principale raison du \u00ab chaos total \u00bb \u00e0 Lyon est le propri\u00e9taire du club, Textor, qui a compl\u00e8tement \u00e9chou\u00e9 dans sa gestion, accumul\u00e9 des dettes et n&rsquo;a pas pris la situation au s\u00e9rieux en novembre dernier.<\/p>\n<p>L&rsquo;expert John Lawrence a d\u00e9clar\u00e9 \u00e0 Sky Sports : \u00ab Les dettes de Lyon en novembre dernier s&rsquo;\u00e9levaient \u00e0 200 millions d&rsquo;euros, et le seul plan de Textor \u00e9tait de vendre plusieurs joueurs en janvier et cet \u00e9t\u00e9 avant fin juin pour r\u00e9soudre la crise. \u00bb<\/p>\n<p><a href=\"https:\/\/www.fanzword.com\/fr\/une-rencontre-cruciale-entre-le-pere-de-messi-et-le-president-dal-hilal\/\">Une rencontre cruciale entre le p\u00e8re de Messi et le pr\u00e9sident d&rsquo;Al-Hilal<\/a><\/p>\n<p>Il a ajout\u00e9 : \u00ab La v\u00e9ritable crise, c&rsquo;est que Lyon n&rsquo;a plus le temps de mettre en \u0153uvre le plan avant de d\u00e9poser son appel. Je vois le club dans une situation tr\u00e8s difficile. Le club court litt\u00e9ralement contre le temps. \u00bb<\/p>\n<p>Il a conclu : \u00ab Depuis son arriv\u00e9e, John Textor a sem\u00e9 le chaos \u00e0 Lyon. Il a \u00e9t\u00e9 l&rsquo;un des pires propri\u00e9taires de l&rsquo;histoire du club. Il a r\u00e9pandu la corruption, d\u00e9pens\u00e9 beaucoup d&rsquo;argent en vain, licenci\u00e9 des entra\u00eeneurs et proc\u00e9d\u00e9 \u00e0 de nombreuses nominations administratives erron\u00e9es. Lyon est dans une situation tr\u00e8s d\u00e9licate avec lui. \u00bb<\/p>\n","protected":false},"excerpt":{"rendered":"<p>La d\u00e9cision s\u00e9v\u00e8re de l&rsquo;Autorit\u00e9 de Contr\u00f4le Financier du Football (ACF) de mardi, rel\u00e9guant Lyon en deuxi\u00e8me division, a choqu\u00e9 tout le monde. Lyon est l&rsquo;une des \u00e9quipes fran\u00e7aises les plus importantes et les plus prestigieuses de l&rsquo;histoire. Championne de France \u00e0 sept reprises, Lyon est \u00e9galement une joueuse r\u00e9guli\u00e8re en comp\u00e9titions europ\u00e9ennes et jouit [&hellip;]<\/p>\n","protected":false},"author":2,"featured_media":51114,"comment_status":"closed","ping_status":"closed","sticky":false,"template":"","format":"standard","meta":{"sfio_featured_image":false,"sfio_embed_code":"","footnotes":""},"categories":[218,10],"tags":[229],"class_list":["post-51120","post","type-post","status-publish","format-standard","has-post-thumbnail","hentry","category-ligue-1-fr","category-non-classifiee","tag-premier-league-fr"],"_links":{"self":[{"href":"https:\/\/www.fanzword.com\/fr\/wp-json\/wp\/v2\/posts\/51120","targetHints":{"allow":["GET"]}}],"collection":[{"href":"https:\/\/www.fanzword.com\/fr\/wp-json\/wp\/v2\/posts"}],"about":[{"href":"https:\/\/www.fanzword.com\/fr\/wp-json\/wp\/v2\/types\/post"}],"author":[{"embeddable":true,"href":"https:\/\/www.fanzword.com\/fr\/wp-json\/wp\/v2\/users\/2"}],"replies":[{"embeddable":true,"href":"https:\/\/www.fanzword.com\/fr\/wp-json\/wp\/v2\/comments?post=51120"}],"version-history":[{"count":2,"href":"https:\/\/www.fanzword.com\/fr\/wp-json\/wp\/v2\/posts\/51120\/revisions"}],"predecessor-version":[{"id":51123,"href":"https:\/\/www.fanzword.com\/fr\/wp-json\/wp\/v2\/posts\/51120\/revisions\/51123"}],"wp:featuredmedia":[{"embeddable":true,"href":"https:\/\/www.fanzword.com\/fr\/wp-json\/wp\/v2\/media\/51114"}],"wp:attachment":[{"href":"https:\/\/www.fanzword.com\/fr\/wp-json\/wp\/v2\/media?parent=51120"}],"wp:term":[{"taxonomy":"category","embeddable":true,"href":"https:\/\/www.fanzword.com\/fr\/wp-json\/wp\/v2\/categories?post=51120"},{"taxonomy":"post_tag","embeddable":true,"href":"https:\/\/www.fanzword.com\/fr\/wp-json\/wp\/v2\/tags?post=51120"}],"curies":[{"name":"wp","href":"https:\/\/api.w.org\/{rel}","templated":true}]}}