{"id":51094,"date":"2025-06-24T14:13:54","date_gmt":"2025-06-24T14:13:54","guid":{"rendered":"https:\/\/www.fanzword.com\/?p=51094"},"modified":"2025-06-24T14:13:54","modified_gmt":"2025-06-24T14:13:54","slug":"le-real-madrid-recompense-mbappe-avec-le-maillot-numero-10","status":"publish","type":"post","link":"https:\/\/www.fanzword.com\/fr\/le-real-madrid-recompense-mbappe-avec-le-maillot-numero-10\/","title":{"rendered":"Le Real Madrid r\u00e9compense Mbapp\u00e9 avec le maillot num\u00e9ro 10"},"content":{"rendered":"<p>La direction du Real Madrid souhaite insister sur un point\u00a0: Kylian Mbapp\u00e9 est la star num\u00e9ro un du club et l&rsquo;\u00e9pine dorsale du projet d&rsquo;avenir de Xabi Alonso. Elle envisage un transfert qui consolidera cette image, tant au sein du vestiaire qu&rsquo;aupr\u00e8s des joueurs.<\/p>\n<p>L&rsquo;international fran\u00e7ais a rejoint le Real Madrid l&rsquo;\u00e9t\u00e9 dernier apr\u00e8s l&rsquo;expiration de son contrat avec le Paris Saint-Germain et s&rsquo;est retrouv\u00e9 en concurrence f\u00e9roce avec Vinicius Junior et Jude Bellingham, qui aspirent tous \u00e0 devenir le meilleur buteur du Santiago Bernab\u00e9u, m\u00eame si leurs relations personnelles sont amicales.<\/p>\n<p>Il semble qu&rsquo;apr\u00e8s la saison derni\u00e8re difficile du Real Madrid, la direction de Florentino P\u00e9rez soit parvenue \u00e0 une conclusion importante\u00a0: Mbapp\u00e9 est le joueur le plus important, aujourd&rsquo;hui et \u00e0 l&rsquo;avenir. Il a d\u00e9j\u00e0 d\u00e9pass\u00e9 Bellingham et Vinicius, comme en t\u00e9moignent les chiffres et les actions.<\/p>\n<p><a href=\"https:\/\/www.fanzword.com\/wp-admin\/post.php?post=50389&amp;action=edit&amp;lang=fr&amp;admin_bar=1\">Un message fort d&rsquo;Alonso \u00e0 Mbapp\u00e9 et Vinicius, et une menace d&rsquo;exclusion\u00a0!<\/a><\/p>\n<h2>Le Real Madrid d\u00e9cide de donner le num\u00e9ro 10 \u00e0 Mbapp\u00e9<\/h2>\n<p>Marca r\u00e9v\u00e8le dans un nouveau rapport que ces derniers jours, le Real Madrid envisage de plus en plus de donner \u00e0 Mbapp\u00e9 le num\u00e9ro 10, r\u00e9serv\u00e9 aux l\u00e9gendes du club, \u00e0 partir de la saison prochaine.<\/p>\n<p>Ce maillot l\u00e9gendaire est port\u00e9 par Luka Modri\u0107, qui a annonc\u00e9 son d\u00e9part de la capitale espagnole apr\u00e8s 12 ans de carri\u00e8re, suite \u00e0 la participation du Real Madrid \u00e0 la Coupe du Monde des Clubs aux \u00c9tats-Unis.<\/p>\n<p>Mbapp\u00e9 a traditionnellement port\u00e9 le num\u00e9ro 7 au Paris Saint-Germain, mais ce num\u00e9ro est r\u00e9serv\u00e9 \u00e0 Vinicius Junior depuis des ann\u00e9es. Alors que Modri\u0107 portait le num\u00e9ro 10, son num\u00e9ro pr\u00e9f\u00e9r\u00e9 en \u00e9quipe de France, il a d\u00e9cid\u00e9 de porter le num\u00e9ro 9 pour sa premi\u00e8re saison.<\/p>\n<p>Avec le d\u00e9part de Modric, la direction du Real Madrid estime que donner le num\u00e9ro 10 \u00e0 Mbapp\u00e9 lui donnera davantage de confiance, tout en confirmant indirectement \u00e0 Vinicius et Bellingham que l&rsquo;international fran\u00e7ais est actuellement le leader du projet.<\/p>\n<p>Parall\u00e8lement, Marca a soulign\u00e9 que le num\u00e9ro 10 augmenterait les ventes du club, en plus des avantages marketing, de marque et de leadership qu&rsquo;il apporterait au joueur lui-m\u00eame.<\/p>\n<h2>Mbapp\u00e9 vit l&rsquo;exp\u00e9rience Cristiano Ronaldo<\/h2>\n<p><img fetchpriority=\"high\" decoding=\"async\" class=\"alignnone  wp-image-51087 aligncenter\" src=\"https:\/\/www.fanzword.com\/wp-content\/uploads\/2025\/06\/GOAL-Multiple-Images-2-Split-Facebook-2024-09-02T131026.242.png-300x169.webp\" alt=\"\" width=\"414\" height=\"233\" srcset=\"https:\/\/www.fanzword.com\/wp-content\/uploads\/2025\/06\/GOAL-Multiple-Images-2-Split-Facebook-2024-09-02T131026.242.png-300x169.webp 300w, https:\/\/www.fanzword.com\/wp-content\/uploads\/2025\/06\/GOAL-Multiple-Images-2-Split-Facebook-2024-09-02T131026.242.png-1024x576.webp 1024w, https:\/\/www.fanzword.com\/wp-content\/uploads\/2025\/06\/GOAL-Multiple-Images-2-Split-Facebook-2024-09-02T131026.242.png-768x432.webp 768w, https:\/\/www.fanzword.com\/wp-content\/uploads\/2025\/06\/GOAL-Multiple-Images-2-Split-Facebook-2024-09-02T131026.242.png-1536x864.webp 1536w, https:\/\/www.fanzword.com\/wp-content\/uploads\/2025\/06\/GOAL-Multiple-Images-2-Split-Facebook-2024-09-02T131026.242.png.webp 1920w\" sizes=\"(max-width: 414px) 100vw, 414px\" \/><\/p>\n<p>Le passage du num\u00e9ro 9 au num\u00e9ro 10 de Mbapp\u00e9 sera similaire \u00e0 ce qui est arriv\u00e9 \u00e0 son idole Cristiano Ronaldo lorsqu&rsquo;il a rejoint les Blancos en 2009 et a trouv\u00e9 le num\u00e9ro 7 chez le l\u00e9gendaire Ra\u00fal Gonz\u00e1lez, avant que ce dernier ne parte pour Schalke 04. Ronaldo a alors adopt\u00e9 le num\u00e9ro 7 et a immortalis\u00e9 son nom parmi les l\u00e9gendes du Real Madrid pendant neuf ans.<\/p>\n<p>Si Mbapp\u00e9 a privil\u00e9gi\u00e9 le num\u00e9ro 7 et ses variantes pendant la majeure partie de sa carri\u00e8re, il pr\u00e9f\u00e8re \u00e9galement le num\u00e9ro 10, l&rsquo;ayant port\u00e9 pendant des ann\u00e9es avec l&rsquo;\u00e9quipe de France et avant cela avec Monaco. Il accueille favorablement l&rsquo;id\u00e9e de le porter \u00e9galement avec le Real Madrid, compte tenu de sa grande valeur.<\/p>\n<p>Tout au long de l&rsquo;histoire du Real Madrid, le num\u00e9ro 10 a \u00e9t\u00e9 port\u00e9 par de nombreuses l\u00e9gendes, la plus r\u00e9cente \u00e9tant Luka Modri\u0107, et avant lui par James Rodriguez, Mesut \u00d6zil, Lassana Diarra, Wesley Sneijder, Robinho, Lu\u00eds Figo, Clarence Seedorf, Raymond Kopa, entre autres.<\/p>\n<h2>Bilan de Mbapp\u00e9 avec le Real Madrid lors de sa premi\u00e8re saison<\/h2>\n<p>Kylian Mbapp\u00e9 a remport\u00e9 deux titres avec le Real Madrid lors de sa premi\u00e8re saison\u00a0: la Supercoupe de l&rsquo;UEFA, en battant l&rsquo;Atalanta, et la Coupe du Monde des Clubs, en battant Pachuca en finale au Qatar.<\/p>\n<p>Alors que le Real Madrid n&rsquo;a remport\u00e9 aucun titre national lors des trois comp\u00e9titions auxquelles il a particip\u00e9 \u2013 la Liga, la Coupe du Roi et la Supercoupe \u2013 et a \u00e9t\u00e9 \u00e9limin\u00e9 de la Ligue des champions en quarts de finale, Mbapp\u00e9 a r\u00e9alis\u00e9 des performances impressionnantes, notamment dans les comp\u00e9titions de haut niveau, comme le confirment les chiffres.<\/p>\n<p><a href=\"https:\/\/www.fanzword.com\/fr\/officiel-mbappe-est-le-buteur-le-plus-titre-du-real-madrid-lors-de-sa-premiere-saison\/\">Officiel\u00a0: Mbapp\u00e9 est le meilleur buteur du Real Madrid d\u00e8s sa premi\u00e8re saison.<\/a><\/p>\n<p>En Liga, Mbapp\u00e9 a inscrit 31 buts et termin\u00e9 meilleur buteur de la comp\u00e9tition. En Ligue des champions, il a marqu\u00e9 sept buts, en plus de deux en Coupe du Roi. Au total, il a inscrit 48 buts en 56 matchs la saison derni\u00e8re, avec 43 buts et cinq passes d\u00e9cisives.<\/p>\n<p>Ces chiffres sont nettement sup\u00e9rieurs \u00e0 ceux de Vinicius Junior. De plus, l&rsquo;impact du Fran\u00e7ais dans des matchs comme le Cl\u00e1sico et en Ligue des champions a largement d\u00e9pass\u00e9 celui du Br\u00e9silien et de Bellingham, ce qui explique la d\u00e9cision du Real Madrid de privil\u00e9gier ses efforts aux deux autres.<\/p>\n","protected":false},"excerpt":{"rendered":"<p>La direction du Real Madrid souhaite insister sur un point\u00a0: Kylian Mbapp\u00e9 est la star num\u00e9ro un du club et l&rsquo;\u00e9pine dorsale du projet d&rsquo;avenir de Xabi Alonso. Elle envisage un transfert qui consolidera cette image, tant au sein du vestiaire qu&rsquo;aupr\u00e8s des joueurs. L&rsquo;international fran\u00e7ais a rejoint le Real Madrid l&rsquo;\u00e9t\u00e9 dernier apr\u00e8s l&rsquo;expiration [&hellip;]<\/p>\n","protected":false},"author":2,"featured_media":51090,"comment_status":"closed","ping_status":"closed","sticky":false,"template":"","format":"standard","meta":{"sfio_featured_image":false,"sfio_embed_code":"","footnotes":""},"categories":[248,219,220,222],"tags":[],"class_list":["post-51094","post","type-post","status-publish","format-standard","has-post-thumbnail","hentry","category-cristiano-ronaldo-fr","category-kylian-mbappe-fr","category-la-liga-fr","category-real-madrid-fr"],"_links":{"self":[{"href":"https:\/\/www.fanzword.com\/fr\/wp-json\/wp\/v2\/posts\/51094","targetHints":{"allow":["GET"]}}],"collection":[{"href":"https:\/\/www.fanzword.com\/fr\/wp-json\/wp\/v2\/posts"}],"about":[{"href":"https:\/\/www.fanzword.com\/fr\/wp-json\/wp\/v2\/types\/post"}],"author":[{"embeddable":true,"href":"https:\/\/www.fanzword.com\/fr\/wp-json\/wp\/v2\/users\/2"}],"replies":[{"embeddable":true,"href":"https:\/\/www.fanzword.com\/fr\/wp-json\/wp\/v2\/comments?post=51094"}],"version-history":[{"count":1,"href":"https:\/\/www.fanzword.com\/fr\/wp-json\/wp\/v2\/posts\/51094\/revisions"}],"predecessor-version":[{"id":51095,"href":"https:\/\/www.fanzword.com\/fr\/wp-json\/wp\/v2\/posts\/51094\/revisions\/51095"}],"wp:featuredmedia":[{"embeddable":true,"href":"https:\/\/www.fanzword.com\/fr\/wp-json\/wp\/v2\/media\/51090"}],"wp:attachment":[{"href":"https:\/\/www.fanzword.com\/fr\/wp-json\/wp\/v2\/media?parent=51094"}],"wp:term":[{"taxonomy":"category","embeddable":true,"href":"https:\/\/www.fanzword.com\/fr\/wp-json\/wp\/v2\/categories?post=51094"},{"taxonomy":"post_tag","embeddable":true,"href":"https:\/\/www.fanzword.com\/fr\/wp-json\/wp\/v2\/tags?post=51094"}],"curies":[{"name":"wp","href":"https:\/\/api.w.org\/{rel}","templated":true}]}}