{"id":50944,"date":"2025-06-23T11:00:26","date_gmt":"2025-06-23T11:00:26","guid":{"rendered":"https:\/\/www.fanzword.com\/?p=50944"},"modified":"2025-06-23T11:00:26","modified_gmt":"2025-06-23T11:00:26","slug":"un-joueur-de-pachuca-repond-aux-accusations-de-racisme-contre-rudiger","status":"publish","type":"post","link":"https:\/\/www.fanzword.com\/fr\/un-joueur-de-pachuca-repond-aux-accusations-de-racisme-contre-rudiger\/","title":{"rendered":"Un joueur de Pachuca r\u00e9pond aux accusations de racisme contre Rudiger"},"content":{"rendered":"<p>Le joueur du Real Madrid, Antonio Rudiger, a accus\u00e9 le d\u00e9fenseur de Pachuca, Gustavo Cabral, de l&rsquo;avoir insult\u00e9 \u00e0 caract\u00e8re raciste lors de leur match de la Coupe du Monde des Clubs 2025.<\/p>\n<p>L&rsquo;arbitre a signal\u00e9 un incident raciste pendant le match, et la FIFA a annonc\u00e9 l&rsquo;ouverture d&rsquo;une enqu\u00eate afin de sanctionner Cabral si les all\u00e9gations de Rudiger sont av\u00e9r\u00e9es.<\/p>\n<p>Le d\u00e9fenseur argentin a ni\u00e9 cat\u00e9goriquement les faits, affirmant avoir dit \u00e0 Rudiger\u00a0: \u00ab\u00a0Tu es un l\u00e2che\u00a0\u00bb, une expression courante en Argentine qui n&rsquo;a aucune connotation raciste.<\/p>\n<p>Il a ajout\u00e9\u00a0: \u00ab\u00a0Si vous cherchez le mot, vous verrez sur la photo que je n&rsquo;arr\u00eate pas de dire\u00a0: \u00ab\u00a0L\u00e2che-toi, l\u00e2che\u00a0!\u00a0\u00bb C&rsquo;\u00e9tait juste une altercation verbale.\u00bb<\/p>\n<p>L&rsquo;entra\u00eeneur du Real Madrid, Xabi Alonso, a soutenu les accusations de Rudiger, d\u00e9clarant\u00a0: \u00ab\u00a0Nous soutenons Toni. On verra. Le protocole de la FIFA sera activ\u00e9 et une enqu\u00eate sera ouverte. Si cela se produit, nous soutenons Antonio, car c&rsquo;est inacceptable. Cela ne doit pas \u00eatre tol\u00e9r\u00e9.\u00a0\u00bb<\/p>\n<p>Si Cabral, qui a jou\u00e9 pour le Celta Vigo et Levante, est reconnu coupable, il risque une lourde suspension et une lourde amende.<\/p>\n<p>Il s&rsquo;agit du premier incident de ce type en Coupe du Monde des Clubs. La FIFA veillera donc \u00e0 ce que la sanction soit appliqu\u00e9e rapidement afin d&rsquo;\u00e9viter que cela ne se reproduise.<\/p>\n","protected":false},"excerpt":{"rendered":"<p>Le joueur du Real Madrid, Antonio Rudiger, a accus\u00e9 le d\u00e9fenseur de Pachuca, Gustavo Cabral, de l&rsquo;avoir insult\u00e9 \u00e0 caract\u00e8re raciste lors de leur match de la Coupe du Monde des Clubs 2025. L&rsquo;arbitre a signal\u00e9 un incident raciste pendant le match, et la FIFA a annonc\u00e9 l&rsquo;ouverture d&rsquo;une enqu\u00eate afin de sanctionner Cabral si [&hellip;]<\/p>\n","protected":false},"author":2,"featured_media":50938,"comment_status":"closed","ping_status":"closed","sticky":false,"template":"","format":"standard","meta":{"sfio_featured_image":false,"sfio_embed_code":"","footnotes":""},"categories":[10,222],"tags":[],"class_list":["post-50944","post","type-post","status-publish","format-standard","has-post-thumbnail","hentry","category-non-classifiee","category-real-madrid-fr"],"_links":{"self":[{"href":"https:\/\/www.fanzword.com\/fr\/wp-json\/wp\/v2\/posts\/50944","targetHints":{"allow":["GET"]}}],"collection":[{"href":"https:\/\/www.fanzword.com\/fr\/wp-json\/wp\/v2\/posts"}],"about":[{"href":"https:\/\/www.fanzword.com\/fr\/wp-json\/wp\/v2\/types\/post"}],"author":[{"embeddable":true,"href":"https:\/\/www.fanzword.com\/fr\/wp-json\/wp\/v2\/users\/2"}],"replies":[{"embeddable":true,"href":"https:\/\/www.fanzword.com\/fr\/wp-json\/wp\/v2\/comments?post=50944"}],"version-history":[{"count":1,"href":"https:\/\/www.fanzword.com\/fr\/wp-json\/wp\/v2\/posts\/50944\/revisions"}],"predecessor-version":[{"id":50945,"href":"https:\/\/www.fanzword.com\/fr\/wp-json\/wp\/v2\/posts\/50944\/revisions\/50945"}],"wp:featuredmedia":[{"embeddable":true,"href":"https:\/\/www.fanzword.com\/fr\/wp-json\/wp\/v2\/media\/50938"}],"wp:attachment":[{"href":"https:\/\/www.fanzword.com\/fr\/wp-json\/wp\/v2\/media?parent=50944"}],"wp:term":[{"taxonomy":"category","embeddable":true,"href":"https:\/\/www.fanzword.com\/fr\/wp-json\/wp\/v2\/categories?post=50944"},{"taxonomy":"post_tag","embeddable":true,"href":"https:\/\/www.fanzword.com\/fr\/wp-json\/wp\/v2\/tags?post=50944"}],"curies":[{"name":"wp","href":"https:\/\/api.w.org\/{rel}","templated":true}]}}