{"id":50887,"date":"2025-06-22T12:08:28","date_gmt":"2025-06-22T12:08:28","guid":{"rendered":"https:\/\/www.fanzword.com\/?p=50887"},"modified":"2025-06-22T12:08:28","modified_gmt":"2025-06-22T12:08:28","slug":"malgre-la-douleur-et-les-sacrifices-financiers-cazorla-ecrit-une-histoire-fantastique-avec-le-real-oviedo","status":"publish","type":"post","link":"https:\/\/www.fanzword.com\/fr\/malgre-la-douleur-et-les-sacrifices-financiers-cazorla-ecrit-une-histoire-fantastique-avec-le-real-oviedo\/","title":{"rendered":"Malgr\u00e9 la douleur et les sacrifices financiers, Cazorla \u00e9crit une histoire \u00ab\u00a0fantastique\u00a0\u00bb avec le Real Oviedo"},"content":{"rendered":"<p>Santi Cazorla a inscrit son nom en lettres d&rsquo;or sur la liste des footballeurs \u00ab\u00a0fid\u00e8les\u00a0\u00bb, avec une nouvelle histoire inspirante avec son club natal, le Real Oviedo.<\/p>\n<p>La carri\u00e8re footballistique de la c\u00e9l\u00e8bre star espagnole a d\u00e9but\u00e9 en 1995 dans le club de sa ville natale, le Real Oviedo, o\u00f9 il a progress\u00e9 dans les cat\u00e9gories de jeunes jusqu&rsquo;en 2003.<\/p>\n<p>Une crise financi\u00e8re a frapp\u00e9 le club \u00e0 l&rsquo;\u00e9poque, le for\u00e7ant \u00e0 vendre ses \u00e9toiles, dont l&rsquo;\u00e9toile montante Santi Cazorla. Cazorla a ensuite rejoint Villarreal, o\u00f9 il a entam\u00e9 une brillante carri\u00e8re dans le monde du football.<\/p>\n<p>Apr\u00e8s 21 ans, Cazorla a d\u00e9cid\u00e9 de retourner \u00e0 Oviedo, presque gratuitement, uniquement pour servir son club d&rsquo;enfance et \u0153uvrer \u00e0 sa r\u00e9insertion au plus haut niveau.<\/p>\n<p>\u00c0 41 ans, il a obtenu gain de cause et a permis \u00e0 Oviedo de retrouver la Liga pour la premi\u00e8re fois depuis 2001.<\/p>\n<p>Cazorla a jou\u00e9 un r\u00f4le cl\u00e9 dans la victoire d&rsquo;Oviedo (3-2 au total) contre Merendez lors des barrages de deuxi\u00e8me division espagnole.<\/p>\n<p>Cazorla n&rsquo;est pas r\u00e9mun\u00e9r\u00e9 et, lorsqu&rsquo;il a d\u00e9cid\u00e9 de revenir \u00e0 Oviedo en 2023, il souhaitait le faire gratuitement, mais la l\u00e9gislation espagnole l&rsquo;interdit. Il a per\u00e7u le salaire minimum de 80\u00a0000\u00a0\u20ac, dont il a revers\u00e9 la majeure partie au club, en plus de c\u00e9der 10\u00a0% de ses droits de vente de maillots \u00e0 son club.<\/p>\n<p>Bien qu&rsquo;il ait particip\u00e9 aux Euros 2008 et 2012, remportant les deux titres avec l&rsquo;Espagne, et qu&rsquo;il ait \u00e9galement disput\u00e9 la Coupe du monde et la Ligue des champions, ainsi que de nombreux autres matchs importants en Premier League et en Liga, il consid\u00e9rait la finale des barrages contre Merendez comme le match le plus important de sa carri\u00e8re.<\/p>\n<p>\u00c0 moins qu&rsquo;il ne d\u00e9cide de prendre sa retraite, Cazorla retrouvera la Liga la saison prochaine avec le Real Oviedo, et tous les regards seront riv\u00e9s sur les performances de ce joueur, dont la carri\u00e8re a \u00e9t\u00e9 g\u00e2ch\u00e9e par les blessures.<\/p>\n<p>Cazorla a subi une blessure au tendon d&rsquo;Achille, n\u00e9cessitant plus de 11 interventions chirurgicales. Sa carri\u00e8re \u00e9tait presque termin\u00e9e, et certains m\u00e9decins lui ont m\u00eame dit qu&rsquo;il pourrait \u00e0 peine remarcher.<\/p>\n<p>Cazorla a r\u00e9cup\u00e9r\u00e9, mais pas aussi bien que par le pass\u00e9, et son pied droit n&rsquo;est toujours pas au meilleur de sa forme. Cependant, il a d\u00e9cid\u00e9 de se battre pour Oviedo, et il a r\u00e9ussi.<\/p>\n","protected":false},"excerpt":{"rendered":"<p>Santi Cazorla a inscrit son nom en lettres d&rsquo;or sur la liste des footballeurs \u00ab\u00a0fid\u00e8les\u00a0\u00bb, avec une nouvelle histoire inspirante avec son club natal, le Real Oviedo. La carri\u00e8re footballistique de la c\u00e9l\u00e8bre star espagnole a d\u00e9but\u00e9 en 1995 dans le club de sa ville natale, le Real Oviedo, o\u00f9 il a progress\u00e9 dans les [&hellip;]<\/p>\n","protected":false},"author":2,"featured_media":50882,"comment_status":"closed","ping_status":"closed","sticky":false,"template":"","format":"standard","meta":{"sfio_featured_image":false,"sfio_embed_code":"","footnotes":""},"categories":[220],"tags":[229],"class_list":["post-50887","post","type-post","status-publish","format-standard","has-post-thumbnail","hentry","category-la-liga-fr","tag-premier-league-fr"],"_links":{"self":[{"href":"https:\/\/www.fanzword.com\/fr\/wp-json\/wp\/v2\/posts\/50887","targetHints":{"allow":["GET"]}}],"collection":[{"href":"https:\/\/www.fanzword.com\/fr\/wp-json\/wp\/v2\/posts"}],"about":[{"href":"https:\/\/www.fanzword.com\/fr\/wp-json\/wp\/v2\/types\/post"}],"author":[{"embeddable":true,"href":"https:\/\/www.fanzword.com\/fr\/wp-json\/wp\/v2\/users\/2"}],"replies":[{"embeddable":true,"href":"https:\/\/www.fanzword.com\/fr\/wp-json\/wp\/v2\/comments?post=50887"}],"version-history":[{"count":1,"href":"https:\/\/www.fanzword.com\/fr\/wp-json\/wp\/v2\/posts\/50887\/revisions"}],"predecessor-version":[{"id":50888,"href":"https:\/\/www.fanzword.com\/fr\/wp-json\/wp\/v2\/posts\/50887\/revisions\/50888"}],"wp:featuredmedia":[{"embeddable":true,"href":"https:\/\/www.fanzword.com\/fr\/wp-json\/wp\/v2\/media\/50882"}],"wp:attachment":[{"href":"https:\/\/www.fanzword.com\/fr\/wp-json\/wp\/v2\/media?parent=50887"}],"wp:term":[{"taxonomy":"category","embeddable":true,"href":"https:\/\/www.fanzword.com\/fr\/wp-json\/wp\/v2\/categories?post=50887"},{"taxonomy":"post_tag","embeddable":true,"href":"https:\/\/www.fanzword.com\/fr\/wp-json\/wp\/v2\/tags?post=50887"}],"curies":[{"name":"wp","href":"https:\/\/api.w.org\/{rel}","templated":true}]}}