{"id":50847,"date":"2025-06-21T14:56:08","date_gmt":"2025-06-21T14:56:08","guid":{"rendered":"https:\/\/www.fanzword.com\/?p=50847"},"modified":"2025-06-21T14:56:08","modified_gmt":"2025-06-21T14:56:08","slug":"vinicius-suscite-la-polemique-avec-un-geste-laissant-presager-son-depart-du-real-madrid","status":"publish","type":"post","link":"https:\/\/www.fanzword.com\/fr\/vinicius-suscite-la-polemique-avec-un-geste-laissant-presager-son-depart-du-real-madrid\/","title":{"rendered":"Vinicius suscite la pol\u00e9mique avec un geste laissant pr\u00e9sager son d\u00e9part du Real Madrid\u00a0!"},"content":{"rendered":"<p>Ces derniers jours, Vinicius Junior a fait l&rsquo;objet d&rsquo;une importante campagne de la part de certains supporters du Real Madrid, qui r\u00e9clament son d\u00e9part.<\/p>\n<p>De nombreux commentaires, sur X et Instagram, ont attaqu\u00e9 l&rsquo;international br\u00e9silien pour sa performance contre Al Hilal lors de la Coupe du Monde des Clubs, ainsi que pour son d\u00e9clin g\u00e9n\u00e9ral tout au long de la saison pass\u00e9e.<\/p>\n<p>Ces critiques ne sont pas nouvelles et ne sont peut-\u00eatre pas surprenantes, mais la v\u00e9ritable surprise est venue de la r\u00e9action du joueur de 25\u00a0ans.<\/p>\n<p>Selon AS, Vinicius a supprim\u00e9 la mention \u00ab\u00a0joueur du Real Madrid\u00a0\u00bb de la description de son compte Instagram, une d\u00e9cision \u00e9trange et incompr\u00e9hensible.<\/p>\n<p>Vinicius a toujours \u00e9t\u00e9 fier d&rsquo;\u00eatre un joueur du Real Madrid et a affich\u00e9 cette fiert\u00e9 sur tous ses comptes, sur diff\u00e9rentes plateformes. AS estime que la suppression de ce mot pourrait \u00eatre un signe que son avenir au Santiago Bernab\u00e9u est compromis.<\/p>\n<p>Vinicius est cens\u00e9 avoir un accord avec le Real Madrid concernant une prolongation, qui entrera en vigueur et le joueur signera son contrat \u00e0 son retour de la Coupe du Monde des Clubs.<\/p>\n<p>Cependant, compte tenu des r\u00e9cents d\u00e9veloppements, des demandes du public et de la r\u00e9action du joueur, de nombreuses questions subsistent quant \u00e0 la v\u00e9racit\u00e9 de cet accord.<\/p>\n","protected":false},"excerpt":{"rendered":"<p>Ces derniers jours, Vinicius Junior a fait l&rsquo;objet d&rsquo;une importante campagne de la part de certains supporters du Real Madrid, qui r\u00e9clament son d\u00e9part. De nombreux commentaires, sur X et Instagram, ont attaqu\u00e9 l&rsquo;international br\u00e9silien pour sa performance contre Al Hilal lors de la Coupe du Monde des Clubs, ainsi que pour son d\u00e9clin g\u00e9n\u00e9ral [&hellip;]<\/p>\n","protected":false},"author":2,"featured_media":50843,"comment_status":"closed","ping_status":"closed","sticky":false,"template":"","format":"standard","meta":{"sfio_featured_image":false,"sfio_embed_code":"","footnotes":""},"categories":[222],"tags":[],"class_list":["post-50847","post","type-post","status-publish","format-standard","has-post-thumbnail","hentry","category-real-madrid-fr"],"_links":{"self":[{"href":"https:\/\/www.fanzword.com\/fr\/wp-json\/wp\/v2\/posts\/50847","targetHints":{"allow":["GET"]}}],"collection":[{"href":"https:\/\/www.fanzword.com\/fr\/wp-json\/wp\/v2\/posts"}],"about":[{"href":"https:\/\/www.fanzword.com\/fr\/wp-json\/wp\/v2\/types\/post"}],"author":[{"embeddable":true,"href":"https:\/\/www.fanzword.com\/fr\/wp-json\/wp\/v2\/users\/2"}],"replies":[{"embeddable":true,"href":"https:\/\/www.fanzword.com\/fr\/wp-json\/wp\/v2\/comments?post=50847"}],"version-history":[{"count":1,"href":"https:\/\/www.fanzword.com\/fr\/wp-json\/wp\/v2\/posts\/50847\/revisions"}],"predecessor-version":[{"id":50848,"href":"https:\/\/www.fanzword.com\/fr\/wp-json\/wp\/v2\/posts\/50847\/revisions\/50848"}],"wp:featuredmedia":[{"embeddable":true,"href":"https:\/\/www.fanzword.com\/fr\/wp-json\/wp\/v2\/media\/50843"}],"wp:attachment":[{"href":"https:\/\/www.fanzword.com\/fr\/wp-json\/wp\/v2\/media?parent=50847"}],"wp:term":[{"taxonomy":"category","embeddable":true,"href":"https:\/\/www.fanzword.com\/fr\/wp-json\/wp\/v2\/categories?post=50847"},{"taxonomy":"post_tag","embeddable":true,"href":"https:\/\/www.fanzword.com\/fr\/wp-json\/wp\/v2\/tags?post=50847"}],"curies":[{"name":"wp","href":"https:\/\/api.w.org\/{rel}","templated":true}]}}