{"id":50193,"date":"2025-06-14T13:21:15","date_gmt":"2025-06-14T13:21:15","guid":{"rendered":"https:\/\/www.fanzword.com\/?p=50193"},"modified":"2025-06-14T13:21:15","modified_gmt":"2025-06-14T13:21:15","slug":"le-real-madrid-prolonge-le-contrat-dune-star-de-six-ans","status":"publish","type":"post","link":"https:\/\/www.fanzword.com\/fr\/le-real-madrid-prolonge-le-contrat-dune-star-de-six-ans\/","title":{"rendered":"Le Real Madrid prolonge le contrat d&rsquo;une star de six ans"},"content":{"rendered":"<p>L&rsquo;une des stars du Real Madrid va signer un nouveau contrat qui le lie au club pour six ann\u00e9es suppl\u00e9mentaires.<\/p>\n<p>Cette star, c&rsquo;est Ra\u00fal Asensio, que la direction du Real Madrid a d\u00e9cid\u00e9 de r\u00e9compenser pour ses performances exceptionnelles la saison derni\u00e8re en renouvelant son contrat, qui devait expirer \u00e0 l&rsquo;\u00e9t\u00e9 2026.<\/p>\n<p>Asensio b\u00e9n\u00e9ficiera d&rsquo;une augmentation salariale significative et sera maintenu jusqu&rsquo;en 2031 gr\u00e2ce \u00e0 une clause lib\u00e9ratoire d&rsquo;un milliard d&rsquo;euros.<\/p>\n<p>Le renouvellement du contrat d&rsquo;Asensio intervient malgr\u00e9 une grave crise extra-sportive qui menace son incarc\u00e9ration\u00a0: son proc\u00e8s pour diffusion d&rsquo;une vid\u00e9o \u00e0 caract\u00e8re sexuel d&rsquo;une mineure.<\/p>\n<p>Le Real Madrid suit l&rsquo;affaire de pr\u00e8s et Florentino P\u00e9rez aurait demand\u00e9 aux avocats du club de d\u00e9fendre Asensio, convaincu de l&rsquo;innocence du jeune joueur.<\/p>\n<p>Asensio a \u00e9t\u00e9 promu en \u00e9quipe premi\u00e8re du Real Madrid l&rsquo;\u00e9t\u00e9 dernier et a eu l&rsquo;opportunit\u00e9 de jouer apr\u00e8s la rupture des ligaments crois\u00e9s d&rsquo;\u00c9der Militao.<\/p>\n<p>Asensio a \u00e9t\u00e9 si performant que le s\u00e9lectionneur de l&rsquo;\u00e9quipe nationale espagnole, Luis de la Fuente, l&rsquo;a convoqu\u00e9 \u00e0 l&rsquo;entra\u00eenement en mars dernier.<\/p>\n<p>Le Real Madrid avait d\u00e9cid\u00e9 de renouveler le contrat d&rsquo;Asensio il y a quelque temps, le consid\u00e9rant comme l&rsquo;avenir de la d\u00e9fense, et avec l&rsquo;arriv\u00e9e de Xabi Alonso comme entra\u00eeneur, il a confirm\u00e9 cette d\u00e9cision.<\/p>\n","protected":false},"excerpt":{"rendered":"<p>L&rsquo;une des stars du Real Madrid va signer un nouveau contrat qui le lie au club pour six ann\u00e9es suppl\u00e9mentaires. Cette star, c&rsquo;est Ra\u00fal Asensio, que la direction du Real Madrid a d\u00e9cid\u00e9 de r\u00e9compenser pour ses performances exceptionnelles la saison derni\u00e8re en renouvelant son contrat, qui devait expirer \u00e0 l&rsquo;\u00e9t\u00e9 2026. Asensio b\u00e9n\u00e9ficiera d&rsquo;une [&hellip;]<\/p>\n","protected":false},"author":2,"featured_media":50188,"comment_status":"closed","ping_status":"closed","sticky":false,"template":"","format":"standard","meta":{"sfio_featured_image":false,"sfio_embed_code":"","footnotes":""},"categories":[222],"tags":[],"class_list":["post-50193","post","type-post","status-publish","format-standard","has-post-thumbnail","hentry","category-real-madrid-fr"],"_links":{"self":[{"href":"https:\/\/www.fanzword.com\/fr\/wp-json\/wp\/v2\/posts\/50193","targetHints":{"allow":["GET"]}}],"collection":[{"href":"https:\/\/www.fanzword.com\/fr\/wp-json\/wp\/v2\/posts"}],"about":[{"href":"https:\/\/www.fanzword.com\/fr\/wp-json\/wp\/v2\/types\/post"}],"author":[{"embeddable":true,"href":"https:\/\/www.fanzword.com\/fr\/wp-json\/wp\/v2\/users\/2"}],"replies":[{"embeddable":true,"href":"https:\/\/www.fanzword.com\/fr\/wp-json\/wp\/v2\/comments?post=50193"}],"version-history":[{"count":1,"href":"https:\/\/www.fanzword.com\/fr\/wp-json\/wp\/v2\/posts\/50193\/revisions"}],"predecessor-version":[{"id":50194,"href":"https:\/\/www.fanzword.com\/fr\/wp-json\/wp\/v2\/posts\/50193\/revisions\/50194"}],"wp:featuredmedia":[{"embeddable":true,"href":"https:\/\/www.fanzword.com\/fr\/wp-json\/wp\/v2\/media\/50188"}],"wp:attachment":[{"href":"https:\/\/www.fanzword.com\/fr\/wp-json\/wp\/v2\/media?parent=50193"}],"wp:term":[{"taxonomy":"category","embeddable":true,"href":"https:\/\/www.fanzword.com\/fr\/wp-json\/wp\/v2\/categories?post=50193"},{"taxonomy":"post_tag","embeddable":true,"href":"https:\/\/www.fanzword.com\/fr\/wp-json\/wp\/v2\/tags?post=50193"}],"curies":[{"name":"wp","href":"https:\/\/api.w.org\/{rel}","templated":true}]}}