{"id":49955,"date":"2025-06-11T11:26:37","date_gmt":"2025-06-11T11:26:37","guid":{"rendered":"https:\/\/www.fanzword.com\/?p=49955"},"modified":"2025-06-11T11:26:37","modified_gmt":"2025-06-11T11:26:37","slug":"apres-sa-blessure-avec-le-bresil-vinicius-se-qualifiera-t-il-pour-la-coupe-du-monde-des-clubs","status":"publish","type":"post","link":"https:\/\/www.fanzword.com\/fr\/apres-sa-blessure-avec-le-bresil-vinicius-se-qualifiera-t-il-pour-la-coupe-du-monde-des-clubs\/","title":{"rendered":"Apr\u00e8s sa blessure avec le Br\u00e9sil, Vinicius se qualifiera-t-il pour la Coupe du Monde des Clubs\u00a0?"},"content":{"rendered":"<p>Vinicius Junior s&rsquo;est bless\u00e9 lors du match du Br\u00e9sil contre le Paraguay lors des \u00e9liminatoires de la Coupe du Monde 2026, suscitant des inqui\u00e9tudes quant \u00e0 la dur\u00e9e de son absence et \u00e0 son impact sur sa participation avec le Real Madrid \u00e0 la Coupe du Monde des Clubs.<\/p>\n<p>Vinicius a quitt\u00e9 le match \u00e0 la 78e minute apr\u00e8s avoir marqu\u00e9 le but victorieux pour son pays, souffrant d&rsquo;une blessure apparemment mineure.<\/p>\n<p>Les premi\u00e8res informations indiquaient que l&rsquo;international br\u00e9silien souffrait d&rsquo;une blessure musculaire \u00e0 la cuisse et qu&rsquo;il aurait besoin d&rsquo;au moins une semaine de convalescence, ce qui rend sa participation au match d&rsquo;ouverture de la Coupe du Monde des Clubs contre Al Hilal (Arabie saoudite) tr\u00e8s incertaine.<\/p>\n<p>Cependant, ces derni\u00e8res heures, les m\u00e9dias br\u00e9siliens l&rsquo;ont rassur\u00e9\u00a0: la blessure de Vinicius n&rsquo;\u00e9tait pas aussi grave que pr\u00e9c\u00e9demment rapport\u00e9e et ne concernait pas une blessure musculaire \u00e0 la cuisse.<\/p>\n<p>Pour l&rsquo;instant, le joueur de 25\u00a0ans se serait bless\u00e9 \u00e0 la cuisse et aurait appliqu\u00e9 de la glace sur la blessure pour r\u00e9duire la douleur et le gonflement. Dans l&rsquo;ensemble, sa blessure n&rsquo;est pas grave et il ne lui faudra que quelques heures pour se r\u00e9tablir compl\u00e8tement.<\/p>\n<p>Ainsi, Vinicius sera la t\u00eate de l&rsquo;\u00e9quipe du s\u00e9lectionneur Xabi Alonso pour le match contre Al Hilal, pr\u00e9vu le 18 juin.<\/p>\n<p>Il est \u00e0 noter que le but de Vinicius a assur\u00e9 la qualification du Br\u00e9sil pour la Coupe du monde 2026. Carlo Ancelotti a annonc\u00e9 apr\u00e8s le match que la blessure n&rsquo;\u00e9tait pas grave et qu&rsquo;il avait remplac\u00e9 le joueur pour \u00e9viter une aggravation.<\/p>\n","protected":false},"excerpt":{"rendered":"<p>Vinicius Junior s&rsquo;est bless\u00e9 lors du match du Br\u00e9sil contre le Paraguay lors des \u00e9liminatoires de la Coupe du Monde 2026, suscitant des inqui\u00e9tudes quant \u00e0 la dur\u00e9e de son absence et \u00e0 son impact sur sa participation avec le Real Madrid \u00e0 la Coupe du Monde des Clubs. Vinicius a quitt\u00e9 le match \u00e0 [&hellip;]<\/p>\n","protected":false},"author":2,"featured_media":49950,"comment_status":"closed","ping_status":"closed","sticky":false,"template":"","format":"standard","meta":{"sfio_featured_image":false,"sfio_embed_code":"","footnotes":""},"categories":[222],"tags":[],"class_list":["post-49955","post","type-post","status-publish","format-standard","has-post-thumbnail","hentry","category-real-madrid-fr"],"_links":{"self":[{"href":"https:\/\/www.fanzword.com\/fr\/wp-json\/wp\/v2\/posts\/49955","targetHints":{"allow":["GET"]}}],"collection":[{"href":"https:\/\/www.fanzword.com\/fr\/wp-json\/wp\/v2\/posts"}],"about":[{"href":"https:\/\/www.fanzword.com\/fr\/wp-json\/wp\/v2\/types\/post"}],"author":[{"embeddable":true,"href":"https:\/\/www.fanzword.com\/fr\/wp-json\/wp\/v2\/users\/2"}],"replies":[{"embeddable":true,"href":"https:\/\/www.fanzword.com\/fr\/wp-json\/wp\/v2\/comments?post=49955"}],"version-history":[{"count":1,"href":"https:\/\/www.fanzword.com\/fr\/wp-json\/wp\/v2\/posts\/49955\/revisions"}],"predecessor-version":[{"id":49956,"href":"https:\/\/www.fanzword.com\/fr\/wp-json\/wp\/v2\/posts\/49955\/revisions\/49956"}],"wp:featuredmedia":[{"embeddable":true,"href":"https:\/\/www.fanzword.com\/fr\/wp-json\/wp\/v2\/media\/49950"}],"wp:attachment":[{"href":"https:\/\/www.fanzword.com\/fr\/wp-json\/wp\/v2\/media?parent=49955"}],"wp:term":[{"taxonomy":"category","embeddable":true,"href":"https:\/\/www.fanzword.com\/fr\/wp-json\/wp\/v2\/categories?post=49955"},{"taxonomy":"post_tag","embeddable":true,"href":"https:\/\/www.fanzword.com\/fr\/wp-json\/wp\/v2\/tags?post=49955"}],"curies":[{"name":"wp","href":"https:\/\/api.w.org\/{rel}","templated":true}]}}