{"id":49901,"date":"2025-06-10T18:04:03","date_gmt":"2025-06-10T18:04:03","guid":{"rendered":"https:\/\/www.fanzword.com\/?p=49901"},"modified":"2025-06-10T18:05:29","modified_gmt":"2025-06-10T18:05:29","slug":"frank-mastrantuono-jouera-t-il-pour-le-real-madrid-lors-de-la-coupe-du-monde-des-clubs-2025","status":"publish","type":"post","link":"https:\/\/www.fanzword.com\/fr\/frank-mastrantuono-jouera-t-il-pour-le-real-madrid-lors-de-la-coupe-du-monde-des-clubs-2025\/","title":{"rendered":"Franco Mastrantuono jouera-t-il pour le Real Madrid lors de la Coupe du Monde des Clubs 2025\u00a0?"},"content":{"rendered":"<p>Le Real Madrid a finalis\u00e9 l&rsquo;accord avec River Plate pour le recrutement de Franco Mastrantuono, mais la date d&rsquo;officialisation du transfert reste incertaine.<\/p>\n<p>Mastrantuono a choisi le Real Madrid malgr\u00e9 d&rsquo;importantes offres europ\u00e9ennes, notamment du Paris Saint-Germain.<\/p>\n<p>Le joueur de 17\u00a0ans aurait commenc\u00e9 \u00e0 faire pression sur River Plate pour qu&rsquo;il participe \u00e0 la Coupe du Monde des Clubs 2025.<\/p>\n<h2>Franco Mastrantuono ne jouera pas pour le Real Madrid lors de la Coupe du Monde des Clubs<\/h2>\n<p>Selon les m\u00e9dias argentins, River Plate est d\u00e9termin\u00e9 \u00e0 conserver Mastrantuono jusqu&rsquo;\u00e0 la fin de la Coupe du Monde des Clubs.<\/p>\n<p>Le club argentin a officialis\u00e9 l&rsquo;annonce, mettant fin aux rumeurs de tentatives de changement de position du Real Madrid.<\/p>\n<p>Un aspect juridique a \u00e9galement permis de r\u00e9gler d\u00e9finitivement la question\u00a0: le joueur aura 18\u00a0ans en ao\u00fbt, et il serait pr\u00e9f\u00e9rable qu&rsquo;il soit officiellement transf\u00e9r\u00e9 au Real Madrid apr\u00e8s cette date.<\/p>\n<p>Ainsi, le premier match du joueur argentin avec le Real Madrid sera avec le d\u00e9but de la ligue espagnole, tandis qu&rsquo;il jouera toute la Coupe du monde avec River Plate.<\/p>\n","protected":false},"excerpt":{"rendered":"<p>Le Real Madrid a finalis\u00e9 l&rsquo;accord avec River Plate pour le recrutement de Franco Mastrantuono, mais la date d&rsquo;officialisation du transfert reste incertaine. Mastrantuono a choisi le Real Madrid malgr\u00e9 d&rsquo;importantes offres europ\u00e9ennes, notamment du Paris Saint-Germain. Le joueur de 17\u00a0ans aurait commenc\u00e9 \u00e0 faire pression sur River Plate pour qu&rsquo;il participe \u00e0 la Coupe [&hellip;]<\/p>\n","protected":false},"author":2,"featured_media":49896,"comment_status":"closed","ping_status":"closed","sticky":false,"template":"","format":"standard","meta":{"sfio_featured_image":false,"sfio_embed_code":"","footnotes":""},"categories":[222],"tags":[],"class_list":["post-49901","post","type-post","status-publish","format-standard","has-post-thumbnail","hentry","category-real-madrid-fr"],"_links":{"self":[{"href":"https:\/\/www.fanzword.com\/fr\/wp-json\/wp\/v2\/posts\/49901","targetHints":{"allow":["GET"]}}],"collection":[{"href":"https:\/\/www.fanzword.com\/fr\/wp-json\/wp\/v2\/posts"}],"about":[{"href":"https:\/\/www.fanzword.com\/fr\/wp-json\/wp\/v2\/types\/post"}],"author":[{"embeddable":true,"href":"https:\/\/www.fanzword.com\/fr\/wp-json\/wp\/v2\/users\/2"}],"replies":[{"embeddable":true,"href":"https:\/\/www.fanzword.com\/fr\/wp-json\/wp\/v2\/comments?post=49901"}],"version-history":[{"count":2,"href":"https:\/\/www.fanzword.com\/fr\/wp-json\/wp\/v2\/posts\/49901\/revisions"}],"predecessor-version":[{"id":49903,"href":"https:\/\/www.fanzword.com\/fr\/wp-json\/wp\/v2\/posts\/49901\/revisions\/49903"}],"wp:featuredmedia":[{"embeddable":true,"href":"https:\/\/www.fanzword.com\/fr\/wp-json\/wp\/v2\/media\/49896"}],"wp:attachment":[{"href":"https:\/\/www.fanzword.com\/fr\/wp-json\/wp\/v2\/media?parent=49901"}],"wp:term":[{"taxonomy":"category","embeddable":true,"href":"https:\/\/www.fanzword.com\/fr\/wp-json\/wp\/v2\/categories?post=49901"},{"taxonomy":"post_tag","embeddable":true,"href":"https:\/\/www.fanzword.com\/fr\/wp-json\/wp\/v2\/tags?post=49901"}],"curies":[{"name":"wp","href":"https:\/\/api.w.org\/{rel}","templated":true}]}}