{"id":49870,"date":"2025-06-10T13:14:34","date_gmt":"2025-06-10T13:14:34","guid":{"rendered":"https:\/\/www.fanzword.com\/?p=49870"},"modified":"2025-06-10T13:14:34","modified_gmt":"2025-06-10T13:14:34","slug":"quel-est-le-numero-de-maillot-de-dean-huijsen-au-real-madrid","status":"publish","type":"post","link":"https:\/\/www.fanzword.com\/fr\/quel-est-le-numero-de-maillot-de-dean-huijsen-au-real-madrid\/","title":{"rendered":"Quel est le num\u00e9ro de maillot de Dean Huijsen au Real Madrid\u00a0?"},"content":{"rendered":"<p>Le Real Madrid a pr\u00e9sent\u00e9 mardi sa derni\u00e8re recrue, Dean Huijsen, au public du Santiago Bernab\u00e9u, d\u00e9voilant le num\u00e9ro que portera la star montante espagnole durant son passage au club.<\/p>\n<p>Le Real Madrid a d\u00e9bours\u00e9 58 millions d&rsquo;euros pour Bournemouth pour le d\u00e9fenseur de 19\u00a0ans, \u00e0 la demande de l&rsquo;entra\u00eeneur Xabi Alonso, qui le voit comme le choix id\u00e9al pour renforcer le poste de d\u00e9fenseur central.<\/p>\n<p>Selon Marca, Den Huijsenportera le num\u00e9ro 24 pour le Real Madrid lors de la Coupe du Monde des Clubs 2025.<\/p>\n<p>Ce num\u00e9ro ne devrait pas devenir son num\u00e9ro permanent au Real Madrid. Il utilise g\u00e9n\u00e9ralement le num\u00e9ro\u00a024 comme num\u00e9ro temporaire pour les nouvelles recrues, et il a le droit de le changer au plus tard avant la fin du mercato estival, le 31\u00a0ao\u00fbt.<\/p>\n<p>Le num\u00e9ro\u00a024 a \u00e9t\u00e9 port\u00e9 par de nombreux joueurs du Real Madrid. Parmi la g\u00e9n\u00e9ration actuelle, Arda G\u00fcler a \u00e9t\u00e9 le dernier \u00e0 le faire, suivi de Dani Ceballos. En g\u00e9n\u00e9ral, il a \u00e9t\u00e9 port\u00e9 par des stars telles que Sami Khedira, Mariano D\u00edaz, Illarramendi et d&rsquo;autres.<\/p>\n<p>Huijsen a port\u00e9 le num\u00e9ro 2 la saison derni\u00e8re avec Bournemouth, et a \u00e9galement port\u00e9 les num\u00e9ros 12 et 14 avec l&rsquo;\u00e9quipe nationale espagnole de jeunes.<\/p>\n","protected":false},"excerpt":{"rendered":"<p>Le Real Madrid a pr\u00e9sent\u00e9 mardi sa derni\u00e8re recrue, Dean Huijsen, au public du Santiago Bernab\u00e9u, d\u00e9voilant le num\u00e9ro que portera la star montante espagnole durant son passage au club. Le Real Madrid a d\u00e9bours\u00e9 58 millions d&rsquo;euros pour Bournemouth pour le d\u00e9fenseur de 19\u00a0ans, \u00e0 la demande de l&rsquo;entra\u00eeneur Xabi Alonso, qui le voit [&hellip;]<\/p>\n","protected":false},"author":2,"featured_media":49865,"comment_status":"closed","ping_status":"closed","sticky":false,"template":"","format":"standard","meta":{"sfio_featured_image":false,"sfio_embed_code":"","footnotes":""},"categories":[222],"tags":[],"class_list":["post-49870","post","type-post","status-publish","format-standard","has-post-thumbnail","hentry","category-real-madrid-fr"],"_links":{"self":[{"href":"https:\/\/www.fanzword.com\/fr\/wp-json\/wp\/v2\/posts\/49870","targetHints":{"allow":["GET"]}}],"collection":[{"href":"https:\/\/www.fanzword.com\/fr\/wp-json\/wp\/v2\/posts"}],"about":[{"href":"https:\/\/www.fanzword.com\/fr\/wp-json\/wp\/v2\/types\/post"}],"author":[{"embeddable":true,"href":"https:\/\/www.fanzword.com\/fr\/wp-json\/wp\/v2\/users\/2"}],"replies":[{"embeddable":true,"href":"https:\/\/www.fanzword.com\/fr\/wp-json\/wp\/v2\/comments?post=49870"}],"version-history":[{"count":3,"href":"https:\/\/www.fanzword.com\/fr\/wp-json\/wp\/v2\/posts\/49870\/revisions"}],"predecessor-version":[{"id":49873,"href":"https:\/\/www.fanzword.com\/fr\/wp-json\/wp\/v2\/posts\/49870\/revisions\/49873"}],"wp:featuredmedia":[{"embeddable":true,"href":"https:\/\/www.fanzword.com\/fr\/wp-json\/wp\/v2\/media\/49865"}],"wp:attachment":[{"href":"https:\/\/www.fanzword.com\/fr\/wp-json\/wp\/v2\/media?parent=49870"}],"wp:term":[{"taxonomy":"category","embeddable":true,"href":"https:\/\/www.fanzword.com\/fr\/wp-json\/wp\/v2\/categories?post=49870"},{"taxonomy":"post_tag","embeddable":true,"href":"https:\/\/www.fanzword.com\/fr\/wp-json\/wp\/v2\/tags?post=49870"}],"curies":[{"name":"wp","href":"https:\/\/api.w.org\/{rel}","templated":true}]}}