{"id":47832,"date":"2025-05-05T17:15:48","date_gmt":"2025-05-05T17:15:48","guid":{"rendered":"https:\/\/www.fanzword.com\/?p=47832"},"modified":"2025-05-05T17:15:48","modified_gmt":"2025-05-05T17:15:48","slug":"le-real-madrid-accepte-de-se-separer-dancelotti-et-la-date-de-lannonce-sera-annoncee","status":"publish","type":"post","link":"https:\/\/www.fanzword.com\/fr\/le-real-madrid-accepte-de-se-separer-dancelotti-et-la-date-de-lannonce-sera-annoncee\/","title":{"rendered":"Le Real Madrid accepte de se s\u00e9parer d&rsquo;Ancelotti&#8230; et la date de l&rsquo;annonce sera annonc\u00e9e"},"content":{"rendered":"<p>La direction du Real Madrid a trouv\u00e9 un accord avec Carlo Ancelotti pour son d\u00e9part avant la Coupe du monde des clubs 2025.<\/p>\n<p>Selon The Athletic, un accord a \u00e9t\u00e9 trouv\u00e9 entre Ancelotti et le Real Madrid pour se s\u00e9parer apr\u00e8s la derni\u00e8re journ\u00e9e de la Ligue espagnole, pr\u00e9vue le 24 ou 25 mai contre la Real Sociedad.<\/p>\n<p>Il existe d\u00e9sormais un accord verbal pour le d\u00e9part d&rsquo;Ancelotti, et il pourrait \u00eatre annonc\u00e9 d\u00e8s la semaine prochaine apr\u00e8s le Clasico de dimanche.<\/p>\n<p>Ancelotti devrait signer officiellement le contrat pour entra\u00eener l&rsquo;\u00e9quipe nationale br\u00e9silienne apr\u00e8s cela, malgr\u00e9 les r\u00e9centes informations selon lesquelles Jorge Jesus est sur le point de prendre la rel\u00e8ve.<\/p>\n<p>L&rsquo;entra\u00eeneur italien avait d\u00e9j\u00e0 convenu des termes du contrat avec la Conf\u00e9d\u00e9ration br\u00e9silienne de football, mais il a refus\u00e9 de signer jusqu&rsquo;\u00e0 ce que le sort du championnat espagnol soit d\u00e9cid\u00e9.<\/p>\n<p>Le Real Madrid compte 4 points de retard sur Barcelone, ce qui rend le Clasico de dimanche crucial \u00e9tant donn\u00e9 qu&rsquo;il ne reste que 3 matchs avant la fin de la saison.<\/p>\n","protected":false},"excerpt":{"rendered":"<p>La direction du Real Madrid a trouv\u00e9 un accord avec Carlo Ancelotti pour son d\u00e9part avant la Coupe du monde des clubs 2025. Selon The Athletic, un accord a \u00e9t\u00e9 trouv\u00e9 entre Ancelotti et le Real Madrid pour se s\u00e9parer apr\u00e8s la derni\u00e8re journ\u00e9e de la Ligue espagnole, pr\u00e9vue le 24 ou 25 mai contre [&hellip;]<\/p>\n","protected":false},"author":2,"featured_media":47828,"comment_status":"closed","ping_status":"closed","sticky":false,"template":"","format":"standard","meta":{"sfio_featured_image":false,"sfio_embed_code":"","footnotes":""},"categories":[10],"tags":[],"class_list":["post-47832","post","type-post","status-publish","format-standard","has-post-thumbnail","hentry","category-non-classifiee"],"_links":{"self":[{"href":"https:\/\/www.fanzword.com\/fr\/wp-json\/wp\/v2\/posts\/47832","targetHints":{"allow":["GET"]}}],"collection":[{"href":"https:\/\/www.fanzword.com\/fr\/wp-json\/wp\/v2\/posts"}],"about":[{"href":"https:\/\/www.fanzword.com\/fr\/wp-json\/wp\/v2\/types\/post"}],"author":[{"embeddable":true,"href":"https:\/\/www.fanzword.com\/fr\/wp-json\/wp\/v2\/users\/2"}],"replies":[{"embeddable":true,"href":"https:\/\/www.fanzword.com\/fr\/wp-json\/wp\/v2\/comments?post=47832"}],"version-history":[{"count":1,"href":"https:\/\/www.fanzword.com\/fr\/wp-json\/wp\/v2\/posts\/47832\/revisions"}],"predecessor-version":[{"id":47833,"href":"https:\/\/www.fanzword.com\/fr\/wp-json\/wp\/v2\/posts\/47832\/revisions\/47833"}],"wp:featuredmedia":[{"embeddable":true,"href":"https:\/\/www.fanzword.com\/fr\/wp-json\/wp\/v2\/media\/47828"}],"wp:attachment":[{"href":"https:\/\/www.fanzword.com\/fr\/wp-json\/wp\/v2\/media?parent=47832"}],"wp:term":[{"taxonomy":"category","embeddable":true,"href":"https:\/\/www.fanzword.com\/fr\/wp-json\/wp\/v2\/categories?post=47832"},{"taxonomy":"post_tag","embeddable":true,"href":"https:\/\/www.fanzword.com\/fr\/wp-json\/wp\/v2\/tags?post=47832"}],"curies":[{"name":"wp","href":"https:\/\/api.w.org\/{rel}","templated":true}]}}