{"id":47575,"date":"2025-05-03T11:44:44","date_gmt":"2025-05-03T11:44:44","guid":{"rendered":"https:\/\/www.fanzword.com\/?p=47575"},"modified":"2025-05-03T11:44:44","modified_gmt":"2025-05-03T11:44:44","slug":"ancelotti-annonce-quand-il-quittera-le-real-madrid","status":"publish","type":"post","link":"https:\/\/www.fanzword.com\/fr\/ancelotti-annonce-quand-il-quittera-le-real-madrid\/","title":{"rendered":"Ancelotti annonce quand il quittera le Real Madrid"},"content":{"rendered":"<p>L&rsquo;entra\u00eeneur du Real Madrid, Carlo Ancelotti, a r\u00e9pondu \u00e0 la question qui a \u00e9t\u00e9 beaucoup pos\u00e9e ces derni\u00e8res semaines : quand quittera-t-il le Real Madrid, ou plus pr\u00e9cis\u00e9ment, quand r\u00e9v\u00e9lera-t-il ce qui se passera ensuite ?<\/p>\n<p>L&rsquo;entra\u00eeneur italien \u00e9tait en n\u00e9gociations avanc\u00e9es avec l&rsquo;\u00e9quipe nationale br\u00e9silienne, mais des rapports ont r\u00e9v\u00e9l\u00e9 que les discussions ont \u00e9chou\u00e9 en raison du refus du Real Madrid de le laisser partir avant la Coupe du monde des clubs 2025. Pendant ce temps, le Br\u00e9sil souhaite qu&rsquo;Ancelotti soit son entra\u00eeneur \u00e0 partir de la prochaine tr\u00eave internationale d\u00e9but juin.<\/p>\n<p>Lors de la conf\u00e9rence de presse du match contre le Celta Vigo, Ancelotti a \u00e9t\u00e9 interrog\u00e9 sur son avenir et a r\u00e9pondu : \u00ab J&rsquo;\u00e9prouve une grande affection pour le Real Madrid, les joueurs et les supporters. Je ne parlerai pas de mon avenir avant le 25 mai. \u00bb<\/p>\n<p>Ancelotti faisait r\u00e9f\u00e9rence \u00e0 la date du dernier match de la saison du Real Madrid, qui aura lieu contre la Real Sociedad au stade Santiago Bernab\u00e9u lors de la 38e journ\u00e9e de la Ligue espagnole.<\/p>\n<p>Selon AS, Ancelotti a inform\u00e9 la Conf\u00e9d\u00e9ration Br\u00e9silienne de Football qu&rsquo;il attendra la fin du Clasico contre Barcelone le 11 mai pour \u00e9valuer la position du Real Madrid en Liga, apr\u00e8s quoi il signera son contrat imm\u00e9diatement ou le reportera jusqu&rsquo;\u00e0 la fin de la saison.<\/p>\n<p>Ancelotti veut se concentrer sur la course au titre de la Liga jusqu&rsquo;au coup de sifflet final, et El Cl\u00e1sico sera pratiquement le facteur d\u00e9cisif. Si le Real Madrid gagne, l&rsquo;\u00e9cart sera d&rsquo;un point et chaque match sera comme une finale. S&rsquo;ils perdent, la comp\u00e9tition sera termin\u00e9e et ils signeront imm\u00e9diatement un contrat avec Samba.<\/p>\n<p>Tout indique qu&rsquo;Ancelotti ne sera pas l&rsquo;entra\u00eeneur du Real Madrid pour la Coupe du Monde des Clubs, contrairement \u00e0 ce qui a \u00e9t\u00e9 rapport\u00e9. Santiago Solari sera probablement son successeur par int\u00e9rim, Xabi Alonso prenant ses fonctions en juillet.<\/p>\n","protected":false},"excerpt":{"rendered":"<p>L&rsquo;entra\u00eeneur du Real Madrid, Carlo Ancelotti, a r\u00e9pondu \u00e0 la question qui a \u00e9t\u00e9 beaucoup pos\u00e9e ces derni\u00e8res semaines : quand quittera-t-il le Real Madrid, ou plus pr\u00e9cis\u00e9ment, quand r\u00e9v\u00e9lera-t-il ce qui se passera ensuite ? L&rsquo;entra\u00eeneur italien \u00e9tait en n\u00e9gociations avanc\u00e9es avec l&rsquo;\u00e9quipe nationale br\u00e9silienne, mais des rapports ont r\u00e9v\u00e9l\u00e9 que les discussions ont [&hellip;]<\/p>\n","protected":false},"author":2,"featured_media":47571,"comment_status":"closed","ping_status":"closed","sticky":false,"template":"","format":"standard","meta":{"sfio_featured_image":false,"sfio_embed_code":"","footnotes":""},"categories":[10],"tags":[],"class_list":["post-47575","post","type-post","status-publish","format-standard","has-post-thumbnail","hentry","category-non-classifiee"],"_links":{"self":[{"href":"https:\/\/www.fanzword.com\/fr\/wp-json\/wp\/v2\/posts\/47575","targetHints":{"allow":["GET"]}}],"collection":[{"href":"https:\/\/www.fanzword.com\/fr\/wp-json\/wp\/v2\/posts"}],"about":[{"href":"https:\/\/www.fanzword.com\/fr\/wp-json\/wp\/v2\/types\/post"}],"author":[{"embeddable":true,"href":"https:\/\/www.fanzword.com\/fr\/wp-json\/wp\/v2\/users\/2"}],"replies":[{"embeddable":true,"href":"https:\/\/www.fanzword.com\/fr\/wp-json\/wp\/v2\/comments?post=47575"}],"version-history":[{"count":2,"href":"https:\/\/www.fanzword.com\/fr\/wp-json\/wp\/v2\/posts\/47575\/revisions"}],"predecessor-version":[{"id":47577,"href":"https:\/\/www.fanzword.com\/fr\/wp-json\/wp\/v2\/posts\/47575\/revisions\/47577"}],"wp:featuredmedia":[{"embeddable":true,"href":"https:\/\/www.fanzword.com\/fr\/wp-json\/wp\/v2\/media\/47571"}],"wp:attachment":[{"href":"https:\/\/www.fanzword.com\/fr\/wp-json\/wp\/v2\/media?parent=47575"}],"wp:term":[{"taxonomy":"category","embeddable":true,"href":"https:\/\/www.fanzword.com\/fr\/wp-json\/wp\/v2\/categories?post=47575"},{"taxonomy":"post_tag","embeddable":true,"href":"https:\/\/www.fanzword.com\/fr\/wp-json\/wp\/v2\/tags?post=47575"}],"curies":[{"name":"wp","href":"https:\/\/api.w.org\/{rel}","templated":true}]}}