{"id":46573,"date":"2025-04-21T14:55:42","date_gmt":"2025-04-21T14:55:42","guid":{"rendered":"https:\/\/www.fanzword.com\/?p=46573"},"modified":"2025-04-21T14:55:42","modified_gmt":"2025-04-21T14:55:42","slug":"le-pdg-du-bayer-leverkusen-ouvre-la-porte-a-un-depart-dalonso-pour-le-real-madrid","status":"publish","type":"post","link":"https:\/\/www.fanzword.com\/fr\/le-pdg-du-bayer-leverkusen-ouvre-la-porte-a-un-depart-dalonso-pour-le-real-madrid\/","title":{"rendered":"Le PDG du Bayer Leverkusen ouvre la porte \u00e0 un d\u00e9part d&rsquo;Alonso pour le Real Madrid"},"content":{"rendered":"<p>Le PDG du Bayer Leverkusen, Fernando Caro, a confirm\u00e9 que son club \u00e9tait ouvert \u00e0 l&rsquo;id\u00e9e que Xabi Alonso prenne la rel\u00e8ve au Real Madrid la saison prochaine.<\/p>\n<p>Alonso est actuellement le principal candidat pour succ\u00e9der \u00e0 Carlo Ancelotti au Santiago Bernab\u00e9u, notant que le contrat de l&rsquo;Espagnol avec Leverkusen s&rsquo;\u00e9tend toujours jusqu&rsquo;\u00e0 l&rsquo;\u00e9t\u00e9 2026.<\/p>\n<p>\u00ab\u00a0Il y a un accord \u00e0 l&rsquo;amiable entre nous et Alonso concernant la possibilit\u00e9 de son d\u00e9part\u00a0\u00bb, a d\u00e9clar\u00e9 Carew \u00e0 Sky Sports.<\/p>\n<p>Il a ajout\u00e9 : \u00ab Si Alonso re\u00e7oit une offre d&rsquo;un club o\u00f9 il a jou\u00e9 auparavant, nous nous asseyons et discutons et nous ne l&#8217;emp\u00eacherons pas de partir \u00e0 ce moment-l\u00e0. \u00bb<\/p>\n<p>Il a conclu : \u00ab Le sort d&rsquo;Alonso devrait \u00eatre d\u00e9cid\u00e9 d&rsquo;ici trois ou quatre semaines maximum. Nos relations avec le Real Madrid sont tr\u00e8s bonnes et nous sommes pr\u00eats \u00e0 discuter. \u00bb<\/p>\n<p>Le journal allemand Bild r\u00e9v\u00e8le que Leverkusen exigera un montant compris entre 15 et 20 millions d&rsquo;euros pour permettre \u00e0 Alonso de partir.<\/p>\n","protected":false},"excerpt":{"rendered":"<p>Le PDG du Bayer Leverkusen, Fernando Caro, a confirm\u00e9 que son club \u00e9tait ouvert \u00e0 l&rsquo;id\u00e9e que Xabi Alonso prenne la rel\u00e8ve au Real Madrid la saison prochaine. Alonso est actuellement le principal candidat pour succ\u00e9der \u00e0 Carlo Ancelotti au Santiago Bernab\u00e9u, notant que le contrat de l&rsquo;Espagnol avec Leverkusen s&rsquo;\u00e9tend toujours jusqu&rsquo;\u00e0 l&rsquo;\u00e9t\u00e9 2026. [&hellip;]<\/p>\n","protected":false},"author":2,"featured_media":46568,"comment_status":"closed","ping_status":"closed","sticky":false,"template":"","format":"standard","meta":{"sfio_featured_image":false,"sfio_embed_code":"","footnotes":""},"categories":[10],"tags":[],"class_list":["post-46573","post","type-post","status-publish","format-standard","has-post-thumbnail","hentry","category-non-classifiee"],"_links":{"self":[{"href":"https:\/\/www.fanzword.com\/fr\/wp-json\/wp\/v2\/posts\/46573","targetHints":{"allow":["GET"]}}],"collection":[{"href":"https:\/\/www.fanzword.com\/fr\/wp-json\/wp\/v2\/posts"}],"about":[{"href":"https:\/\/www.fanzword.com\/fr\/wp-json\/wp\/v2\/types\/post"}],"author":[{"embeddable":true,"href":"https:\/\/www.fanzword.com\/fr\/wp-json\/wp\/v2\/users\/2"}],"replies":[{"embeddable":true,"href":"https:\/\/www.fanzword.com\/fr\/wp-json\/wp\/v2\/comments?post=46573"}],"version-history":[{"count":1,"href":"https:\/\/www.fanzword.com\/fr\/wp-json\/wp\/v2\/posts\/46573\/revisions"}],"predecessor-version":[{"id":46574,"href":"https:\/\/www.fanzword.com\/fr\/wp-json\/wp\/v2\/posts\/46573\/revisions\/46574"}],"wp:featuredmedia":[{"embeddable":true,"href":"https:\/\/www.fanzword.com\/fr\/wp-json\/wp\/v2\/media\/46568"}],"wp:attachment":[{"href":"https:\/\/www.fanzword.com\/fr\/wp-json\/wp\/v2\/media?parent=46573"}],"wp:term":[{"taxonomy":"category","embeddable":true,"href":"https:\/\/www.fanzword.com\/fr\/wp-json\/wp\/v2\/categories?post=46573"},{"taxonomy":"post_tag","embeddable":true,"href":"https:\/\/www.fanzword.com\/fr\/wp-json\/wp\/v2\/tags?post=46573"}],"curies":[{"name":"wp","href":"https:\/\/api.w.org\/{rel}","templated":true}]}}