{"id":45430,"date":"2025-04-07T22:58:45","date_gmt":"2025-04-07T22:58:45","guid":{"rendered":"https:\/\/www.fanzword.com\/?p=45430"},"modified":"2026-04-04T08:03:44","modified_gmt":"2026-04-04T08:03:44","slug":"saka-vinicius-et-mbappe-ne-sont-pas-meilleurs-que-moi","status":"publish","type":"post","link":"https:\/\/www.fanzword.com\/fr\/saka-vinicius-et-mbappe-ne-sont-pas-meilleurs-que-moi\/","title":{"rendered":"Saka : Vinicius et Mbapp\u00e9 ne sont pas meilleurs que moi !"},"content":{"rendered":"<p>La star d&#8217;Arsenal, Bukayo Saka, a refus\u00e9 d&#8217;\u00eatre \u00e9cart\u00e9 au profit de Vinicius Junior et Kylian Mbapp\u00e9 avant le tr\u00e8s attendu quart de finale aller de la Ligue des Champions contre le Real Madrid.<\/p>\n<h2>Les d\u00e9clarations audacieuses de Saka<\/h2>\n<p>Interrog\u00e9 sur la comparaison avec les stars du Real Madrid, Saka n&#8217;a pas m\u00e2ch\u00e9 ses mots : \u00ab Je respecte \u00e9norm\u00e9ment Vinicius et Mbapp\u00e9, ce sont des joueurs incroyables. Mais je ne pense pas qu&#8217;ils soient meilleurs que moi. J&#8217;ai confiance en mes qualit\u00e9s et je vais le prouver sur le terrain. \u00bb<\/p>\n<p>Ces d\u00e9clarations ont fait le tour des r\u00e9seaux sociaux et enflamm\u00e9 le d\u00e9bat parmi les fans de football. Pour Saka, 23 ans, cette confiance est le reflet d&#8217;une saison exceptionnelle avec Arsenal en Premier League et en Ligue des Champions.<\/p>\n<h2>Les statistiques de Saka cette saison<\/h2>\n<p>Les chiffres parlent en faveur de l&#8217;ailier anglais. Cette saison, Saka affiche 14 buts et 11 passes d\u00e9cisives toutes comp\u00e9titions confondues. Son rendement constant fait de lui l&#8217;un des meilleurs ailiers du monde, et ses performances en Ligue des Champions ont \u00e9t\u00e9 particuli\u00e8rement remarqu\u00e9es.<\/p>\n<p>En comparaison, Vin\u00edcius Jr compte 18 buts et 8 passes, tandis que Mbapp\u00e9 affiche 21 buts mais a connu des difficult\u00e9s d&#8217;adaptation depuis son arriv\u00e9e \u00e0 Madrid.<\/p>\n<h2>Le duel Arsenal-Real Madrid<\/h2>\n<p>Ce quart de finale promet un spectacle exceptionnel. Arsenal n&#8217;a pas remport\u00e9 la Ligue des Champions depuis sa fondation, tandis que le Real Madrid est le <a href=\"https:\/\/www.fanzword.com\/fr\/qui-le-real-madrid-affrontera-t-il-en-quarts-de-finale-de-la-ligue-des-champions\/\">tenant du titre<\/a>. La confrontation entre Saka et Vin\u00edcius Jr sur les flancs sera l&#8217;un des duels cl\u00e9s de la rencontre.<\/p>\n<h2>Ce qu&#8217;en pensent les experts<\/h2>\n<p>Les consultants et anciens joueurs sont partag\u00e9s. Certains estiment que Saka a raison d&#8217;afficher cette confiance, soulignant que les meilleurs joueurs doivent croire en eux-m\u00eames. D&#8217;autres pensent qu&#8217;il devrait laisser son jeu parler plut\u00f4t que de faire des comparaisons publiques.<\/p>\n<p>Pronostiquez le r\u00e9sultat d&#8217;Arsenal vs Real Madrid sur <a href=\"https:\/\/app.fanzword.com\/dl\/HomePage\" rel=\"nofollow noopener\" target=\"_blank\">l&#8217;application Fanzword<\/a> et suivez toute l&#8217;actualit\u00e9 de la <a href=\"https:\/\/www.fanzword.com\/fr\/\">Ligue des Champions<\/a>.<\/p>\n<h2>La confiance de Saka face aux meilleurs<\/h2>\n<p>La d\u00e9claration de Bukayo Saka, affirmant qu&rsquo;il ne se consid\u00e8re pas inf\u00e9rieur \u00e0 Vinicius Jr et Kylian Mbapp\u00e9, traduit la confiance croissante de l&rsquo;ailier d&rsquo;Arsenal. \u00c0 seulement 23 ans, le joueur form\u00e9 \u00e0 Hale End s&rsquo;est impos\u00e9 comme l&rsquo;un des meilleurs ailiers du football mondial et un candidat r\u00e9gulier au Ballon d&rsquo;Or.<\/p>\n<h2>Saka en chiffres<\/h2>\n<p>Les statistiques de Saka cette saison en Premier League et en Ligue des Champions t\u00e9moignent de son niveau exceptionnel. Sa capacit\u00e9 \u00e0 cr\u00e9er, marquer et \u00eatre d\u00e9cisif dans les grands matchs le place dans la m\u00eame cat\u00e9gorie que les stars qu&rsquo;il mentionne. Sa r\u00e9gularit\u00e9 est peut-\u00eatre son atout le plus impressionnant.<\/p>\n","protected":false},"excerpt":{"rendered":"<p>La star d&#8217;Arsenal, Bukayo Saka, a refus\u00e9 d&#8217;\u00eatre \u00e9cart\u00e9 au profit de Vinicius Junior et Kylian Mbapp\u00e9 avant le tr\u00e8s attendu quart de finale aller de la Ligue des Champions contre le Real Madrid. Les d\u00e9clarations audacieuses de Saka Interrog\u00e9 sur la comparaison avec les stars du Real Madrid, Saka n&#8217;a pas m\u00e2ch\u00e9 ses mots [&hellip;]<\/p>\n","protected":false},"author":2,"featured_media":45426,"comment_status":"closed","ping_status":"closed","sticky":false,"template":"","format":"standard","meta":{"sfio_featured_image":false,"sfio_embed_code":"","footnotes":""},"categories":[10],"tags":[298,228],"class_list":["post-45430","post","type-post","status-publish","format-standard","has-post-thumbnail","hentry","category-non-classifiee","tag-saka","tag-premier-league"],"_links":{"self":[{"href":"https:\/\/www.fanzword.com\/fr\/wp-json\/wp\/v2\/posts\/45430","targetHints":{"allow":["GET"]}}],"collection":[{"href":"https:\/\/www.fanzword.com\/fr\/wp-json\/wp\/v2\/posts"}],"about":[{"href":"https:\/\/www.fanzword.com\/fr\/wp-json\/wp\/v2\/types\/post"}],"author":[{"embeddable":true,"href":"https:\/\/www.fanzword.com\/fr\/wp-json\/wp\/v2\/users\/2"}],"replies":[{"embeddable":true,"href":"https:\/\/www.fanzword.com\/fr\/wp-json\/wp\/v2\/comments?post=45430"}],"version-history":[{"count":4,"href":"https:\/\/www.fanzword.com\/fr\/wp-json\/wp\/v2\/posts\/45430\/revisions"}],"predecessor-version":[{"id":78193,"href":"https:\/\/www.fanzword.com\/fr\/wp-json\/wp\/v2\/posts\/45430\/revisions\/78193"}],"wp:featuredmedia":[{"embeddable":true,"href":"https:\/\/www.fanzword.com\/fr\/wp-json\/wp\/v2\/media\/45426"}],"wp:attachment":[{"href":"https:\/\/www.fanzword.com\/fr\/wp-json\/wp\/v2\/media?parent=45430"}],"wp:term":[{"taxonomy":"category","embeddable":true,"href":"https:\/\/www.fanzword.com\/fr\/wp-json\/wp\/v2\/categories?post=45430"},{"taxonomy":"post_tag","embeddable":true,"href":"https:\/\/www.fanzword.com\/fr\/wp-json\/wp\/v2\/tags?post=45430"}],"curies":[{"name":"wp","href":"https:\/\/api.w.org\/{rel}","templated":true}]}}