{"id":43477,"date":"2025-03-12T12:39:18","date_gmt":"2025-03-12T12:39:18","guid":{"rendered":"https:\/\/www.fanzword.com\/?p=43477"},"modified":"2025-03-12T12:39:18","modified_gmt":"2025-03-12T12:39:18","slug":"yamal-je-crois-en-lislam-et-je-suis-en-bonne-sante-alors-pourquoi-ne-jeune-je-pas-pendant-le-ramadan","status":"publish","type":"post","link":"https:\/\/www.fanzword.com\/fr\/yamal-je-crois-en-lislam-et-je-suis-en-bonne-sante-alors-pourquoi-ne-jeune-je-pas-pendant-le-ramadan\/","title":{"rendered":"Yamal : Je crois en l&rsquo;Islam et je suis en bonne sant\u00e9, alors pourquoi ne je\u00fbne-je pas pendant le Ramadan ?"},"content":{"rendered":"<p>La star du FC Barcelone, Lamine Yamal, a soulign\u00e9 sa d\u00e9termination \u00e0 je\u00fbner pendant le mois sacr\u00e9 du Ramadan, notant que sa bonne sant\u00e9 le soutient dans cette d\u00e9marche.<\/p>\n<p>Yamal a \u00e9t\u00e9 vu en train de rompre son je\u00fbne sur le terrain lors du match de Ligue des champions Barcelone-Benfica, au cours duquel il a marqu\u00e9 un but et en a marqu\u00e9 un autre.<\/p>\n<p>Interrog\u00e9 par la presse sur le je\u00fbne, Yamal a r\u00e9pondu : \u00ab Oui, cela d\u00e9pend de votre foi en votre religion. Je crois en ma religion et je suis en assez bonne sant\u00e9 pour je\u00fbner. \u00bb<\/p>\n<p>\u00ab Je me r\u00e9veille \u00e0 5 heures du matin pour prier et boire quelque chose qui contient des \u00e9lectrolytes car ils aident le corps \u00e0 rester hydrat\u00e9 tout au long de la journ\u00e9e \u00bb, a-t-il ajout\u00e9.<\/p>\n<p>Concernant l&rsquo;avis du FC Barcelone, il a r\u00e9pondu : \u00ab Le je\u00fbne n&rsquo;affecte pas mes performances. Le club est parfaitement pr\u00e9par\u00e9 et nous fournit tout ce dont nous avons besoin pour \u00eatre \u00e0 100 %. \u00bb<\/p>\n<p>Les m\u00e9dias catalans ont confirm\u00e9 que Barcelone respectait les souhaits de Yamal, et ce n&rsquo;est pas la premi\u00e8re fois que le club a affaire \u00e0 des joueurs musulmans, comme cela s&rsquo;est r\u00e9cemment produit avec Franck Kessie et Ousmane Demb\u00e9l\u00e9.<\/p>\n","protected":false},"excerpt":{"rendered":"<p>La star du FC Barcelone, Lamine Yamal, a soulign\u00e9 sa d\u00e9termination \u00e0 je\u00fbner pendant le mois sacr\u00e9 du Ramadan, notant que sa bonne sant\u00e9 le soutient dans cette d\u00e9marche. Yamal a \u00e9t\u00e9 vu en train de rompre son je\u00fbne sur le terrain lors du match de Ligue des champions Barcelone-Benfica, au cours duquel il a [&hellip;]<\/p>\n","protected":false},"author":2,"featured_media":43472,"comment_status":"closed","ping_status":"closed","sticky":false,"template":"","format":"standard","meta":{"sfio_featured_image":false,"sfio_embed_code":"","footnotes":""},"categories":[10],"tags":[],"class_list":["post-43477","post","type-post","status-publish","format-standard","has-post-thumbnail","hentry","category-non-classifiee"],"_links":{"self":[{"href":"https:\/\/www.fanzword.com\/fr\/wp-json\/wp\/v2\/posts\/43477","targetHints":{"allow":["GET"]}}],"collection":[{"href":"https:\/\/www.fanzword.com\/fr\/wp-json\/wp\/v2\/posts"}],"about":[{"href":"https:\/\/www.fanzword.com\/fr\/wp-json\/wp\/v2\/types\/post"}],"author":[{"embeddable":true,"href":"https:\/\/www.fanzword.com\/fr\/wp-json\/wp\/v2\/users\/2"}],"replies":[{"embeddable":true,"href":"https:\/\/www.fanzword.com\/fr\/wp-json\/wp\/v2\/comments?post=43477"}],"version-history":[{"count":1,"href":"https:\/\/www.fanzword.com\/fr\/wp-json\/wp\/v2\/posts\/43477\/revisions"}],"predecessor-version":[{"id":43478,"href":"https:\/\/www.fanzword.com\/fr\/wp-json\/wp\/v2\/posts\/43477\/revisions\/43478"}],"wp:featuredmedia":[{"embeddable":true,"href":"https:\/\/www.fanzword.com\/fr\/wp-json\/wp\/v2\/media\/43472"}],"wp:attachment":[{"href":"https:\/\/www.fanzword.com\/fr\/wp-json\/wp\/v2\/media?parent=43477"}],"wp:term":[{"taxonomy":"category","embeddable":true,"href":"https:\/\/www.fanzword.com\/fr\/wp-json\/wp\/v2\/categories?post=43477"},{"taxonomy":"post_tag","embeddable":true,"href":"https:\/\/www.fanzword.com\/fr\/wp-json\/wp\/v2\/tags?post=43477"}],"curies":[{"name":"wp","href":"https:\/\/api.w.org\/{rel}","templated":true}]}}