{"id":43245,"date":"2025-03-10T12:23:17","date_gmt":"2025-03-10T12:23:17","guid":{"rendered":"https:\/\/www.fanzword.com\/?p=43245"},"modified":"2025-03-10T12:23:17","modified_gmt":"2025-03-10T12:23:17","slug":"officiellement-wirtz-manquera-le-match-entre-le-bayern-munich-et-leverkusen","status":"publish","type":"post","link":"https:\/\/www.fanzword.com\/fr\/officiellement-wirtz-manquera-le-match-entre-le-bayern-munich-et-leverkusen\/","title":{"rendered":"Officiellement&#8230; Wirtz manquera le match entre le Bayern Munich et Leverkusen !"},"content":{"rendered":"<p>Le Bayer Leverkusen a confirm\u00e9 dans un communiqu\u00e9 officiel que Florian Wirtz ne pourra pas participer au match retour des huiti\u00e8mes de finale de la Ligue des champions contre le Bayern Munich.<\/p>\n<p>L&rsquo;international allemand s&rsquo;est bless\u00e9 lors de la d\u00e9faite 2-0 de Leverkusen contre le Werder Br\u00eame samedi en Bundesliga, et il s&rsquo;av\u00e8re que la blessure n&rsquo;est pas du tout facile.<\/p>\n<p>Selon le communiqu\u00e9, Wirtz souffre d&rsquo;une entorse aux ligaments de la cheville droite et, par cons\u00e9quent, il sera hors jeu pendant des semaines.<\/p>\n<p>Le joueur de 22 ans devrait \u00e9galement manquer le quart de finale de la Ligue des Nations de l&rsquo;Allemagne contre les Pays-Bas la semaine prochaine.<\/p>\n<p>Leverkusen doit battre le Bayern Munich 3-0 apr\u00e8s avoir perdu le match aller \u00e0 l&rsquo;Allianz Arena sur le m\u00eame score, puis les deux \u00e9quipes auront recours aux prolongations puis aux tirs au but.<\/p>\n<p>Il ne fait aucun doute que l&rsquo;absence de Wirtz est un coup dur pour l&rsquo;\u00e9quipe de l&rsquo;entra\u00eeneur Xabi Alonso, et les chiffres le confirment, puisqu&rsquo;il a marqu\u00e9 15 buts et en a inscrit 13 autres cette saison dans toutes les comp\u00e9titions.<\/p>\n","protected":false},"excerpt":{"rendered":"<p>Le Bayer Leverkusen a confirm\u00e9 dans un communiqu\u00e9 officiel que Florian Wirtz ne pourra pas participer au match retour des huiti\u00e8mes de finale de la Ligue des champions contre le Bayern Munich. L&rsquo;international allemand s&rsquo;est bless\u00e9 lors de la d\u00e9faite 2-0 de Leverkusen contre le Werder Br\u00eame samedi en Bundesliga, et il s&rsquo;av\u00e8re que la [&hellip;]<\/p>\n","protected":false},"author":2,"featured_media":43240,"comment_status":"closed","ping_status":"closed","sticky":false,"template":"","format":"standard","meta":{"sfio_featured_image":false,"sfio_embed_code":"","footnotes":""},"categories":[10],"tags":[],"class_list":["post-43245","post","type-post","status-publish","format-standard","has-post-thumbnail","hentry","category-non-classifiee"],"_links":{"self":[{"href":"https:\/\/www.fanzword.com\/fr\/wp-json\/wp\/v2\/posts\/43245","targetHints":{"allow":["GET"]}}],"collection":[{"href":"https:\/\/www.fanzword.com\/fr\/wp-json\/wp\/v2\/posts"}],"about":[{"href":"https:\/\/www.fanzword.com\/fr\/wp-json\/wp\/v2\/types\/post"}],"author":[{"embeddable":true,"href":"https:\/\/www.fanzword.com\/fr\/wp-json\/wp\/v2\/users\/2"}],"replies":[{"embeddable":true,"href":"https:\/\/www.fanzword.com\/fr\/wp-json\/wp\/v2\/comments?post=43245"}],"version-history":[{"count":1,"href":"https:\/\/www.fanzword.com\/fr\/wp-json\/wp\/v2\/posts\/43245\/revisions"}],"predecessor-version":[{"id":43246,"href":"https:\/\/www.fanzword.com\/fr\/wp-json\/wp\/v2\/posts\/43245\/revisions\/43246"}],"wp:featuredmedia":[{"embeddable":true,"href":"https:\/\/www.fanzword.com\/fr\/wp-json\/wp\/v2\/media\/43240"}],"wp:attachment":[{"href":"https:\/\/www.fanzword.com\/fr\/wp-json\/wp\/v2\/media?parent=43245"}],"wp:term":[{"taxonomy":"category","embeddable":true,"href":"https:\/\/www.fanzword.com\/fr\/wp-json\/wp\/v2\/categories?post=43245"},{"taxonomy":"post_tag","embeddable":true,"href":"https:\/\/www.fanzword.com\/fr\/wp-json\/wp\/v2\/tags?post=43245"}],"curies":[{"name":"wp","href":"https:\/\/api.w.org\/{rel}","templated":true}]}}