{"id":40716,"date":"2025-02-09T15:45:57","date_gmt":"2025-02-09T15:45:57","guid":{"rendered":"https:\/\/www.fanzword.com\/?p=40716"},"modified":"2025-02-09T15:45:57","modified_gmt":"2025-02-09T15:45:57","slug":"les-coups-continuent-la-star-du-real-madrid-confirmee-absente-du-match-contre-city","status":"publish","type":"post","link":"https:\/\/www.fanzword.com\/fr\/les-coups-continuent-la-star-du-real-madrid-confirmee-absente-du-match-contre-city\/","title":{"rendered":"Les coups continuent&#8230; La star du Real Madrid confirm\u00e9e absente du match contre City"},"content":{"rendered":"<p>Le Real Madrid a re\u00e7u un nouveau coup dur avant d&rsquo;affronter Manchester City en huiti\u00e8mes de finale de la Ligue des champions 2025.<\/p>\n<p>Selon les m\u00e9dias espagnols, Lucas Vazquez s&rsquo;est bless\u00e9 lors de sa participation au match de l&rsquo;Atl\u00e9tico Madrid samedi en Liga.<\/p>\n<p>En raison de cette blessure, Vazquez sera absent du Real Madrid pour une p\u00e9riode allant de deux \u00e0 trois semaines.<\/p>\n<p>De cette fa\u00e7on, Vazquez, 32 ans, est confirm\u00e9 pour manquer le match aller des play-offs contre City, pr\u00e9vu mardi prochain \u00e0 l&rsquo;Etihad Stadium.<\/p>\n<p>Il est fort probable que le deuxi\u00e8me capitaine du Real Madrid ne puisse pas participer au match retour, pr\u00e9vu le mercredi 19 f\u00e9vrier.<\/p>\n<p>Il n&rsquo;y a pas d&rsquo;alternative \u00e0 Vazquez au poste d&rsquo;arri\u00e8re droit, ce qui obligera l&rsquo;entra\u00eeneur Carlo Ancelotti \u00e0 trouver une nouvelle solution pour combler ce vide.<\/p>\n<p>Ancelotti devrait avoir recours \u00e0 Fede Valverde au poste d&rsquo;arri\u00e8re droit, ou dans le pire des cas, \u00e0 Raul Asensio, bien que cette derni\u00e8re option semble difficile en raison du manque de d\u00e9fenseurs centraux en ce moment chez les Merengue.<\/p>\n<p>Vazquez rejoint ainsi la liste des absents du Real, qui comprend notamment Eder Militao, Antonio Rudiger, Dani Carvajal et David Alaba.<\/p>\n","protected":false},"excerpt":{"rendered":"<p>Le Real Madrid a re\u00e7u un nouveau coup dur avant d&rsquo;affronter Manchester City en huiti\u00e8mes de finale de la Ligue des champions 2025. Selon les m\u00e9dias espagnols, Lucas Vazquez s&rsquo;est bless\u00e9 lors de sa participation au match de l&rsquo;Atl\u00e9tico Madrid samedi en Liga. En raison de cette blessure, Vazquez sera absent du Real Madrid pour [&hellip;]<\/p>\n","protected":false},"author":2,"featured_media":40710,"comment_status":"closed","ping_status":"closed","sticky":false,"template":"","format":"standard","meta":{"sfio_featured_image":false,"sfio_embed_code":"","footnotes":""},"categories":[10],"tags":[],"class_list":["post-40716","post","type-post","status-publish","format-standard","has-post-thumbnail","hentry","category-non-classifiee"],"_links":{"self":[{"href":"https:\/\/www.fanzword.com\/fr\/wp-json\/wp\/v2\/posts\/40716","targetHints":{"allow":["GET"]}}],"collection":[{"href":"https:\/\/www.fanzword.com\/fr\/wp-json\/wp\/v2\/posts"}],"about":[{"href":"https:\/\/www.fanzword.com\/fr\/wp-json\/wp\/v2\/types\/post"}],"author":[{"embeddable":true,"href":"https:\/\/www.fanzword.com\/fr\/wp-json\/wp\/v2\/users\/2"}],"replies":[{"embeddable":true,"href":"https:\/\/www.fanzword.com\/fr\/wp-json\/wp\/v2\/comments?post=40716"}],"version-history":[{"count":1,"href":"https:\/\/www.fanzword.com\/fr\/wp-json\/wp\/v2\/posts\/40716\/revisions"}],"predecessor-version":[{"id":40717,"href":"https:\/\/www.fanzword.com\/fr\/wp-json\/wp\/v2\/posts\/40716\/revisions\/40717"}],"wp:featuredmedia":[{"embeddable":true,"href":"https:\/\/www.fanzword.com\/fr\/wp-json\/wp\/v2\/media\/40710"}],"wp:attachment":[{"href":"https:\/\/www.fanzword.com\/fr\/wp-json\/wp\/v2\/media?parent=40716"}],"wp:term":[{"taxonomy":"category","embeddable":true,"href":"https:\/\/www.fanzword.com\/fr\/wp-json\/wp\/v2\/categories?post=40716"},{"taxonomy":"post_tag","embeddable":true,"href":"https:\/\/www.fanzword.com\/fr\/wp-json\/wp\/v2\/tags?post=40716"}],"curies":[{"name":"wp","href":"https:\/\/api.w.org\/{rel}","templated":true}]}}