{"id":40600,"date":"2025-02-08T20:56:32","date_gmt":"2025-02-08T20:56:32","guid":{"rendered":"https:\/\/www.fanzword.com\/?p=40600"},"modified":"2025-02-08T20:56:32","modified_gmt":"2025-02-08T20:56:32","slug":"barcelone-demande-a-ansu-fati-de-partir-immediatement","status":"publish","type":"post","link":"https:\/\/www.fanzword.com\/fr\/barcelone-demande-a-ansu-fati-de-partir-immediatement\/","title":{"rendered":"Barcelone demande \u00e0 Ansu Fati de partir imm\u00e9diatement !"},"content":{"rendered":"<p>Le Besiktas a conclu un accord avec Barcelone pour signer Ansu Fati pour un pr\u00eat de 6 mois jusqu&rsquo;\u00e0 la fin de la saison en cours.<\/p>\n<p>Cela a \u00e9t\u00e9 confirm\u00e9 par le journal \u00ab\u00a0Mundo Deportivo\u00a0\u00bb, qui a r\u00e9v\u00e9l\u00e9 que la direction du FC Barcelone et l&rsquo;entra\u00eeneur Hansi Flick esp\u00e8rent que Fati partira en raison du manque de besoin technique pour lui.<\/p>\n<p>Cependant, Fati est toujours d\u00e9termin\u00e9 \u00e0 continuer \u00e0 Barcelone au moins jusqu&rsquo;\u00e0 la fin de la saison en cours, et veut se battre pour regagner la confiance de son entra\u00eeneur Flick et participer \u00e0 nouveau aux matchs.<\/p>\n<p>La direction du FC Barcelone souhaite que Fati parte pour des raisons \u00e9conomiques en plus des raisons sportives connues, et a donc explicitement inform\u00e9 le joueur qu&rsquo;il \u00e9tait hors des calculs et que la meilleure option pour lui \u00e9tait de partir imm\u00e9diatement.<\/p>\n<p>Les dirigeants du Besiktas arriveront \u00e0 Barcelone dans les prochaines heures pour rencontrer Fati et tenter de le dissuader de l&rsquo;id\u00e9e de continuer avec les Blaugrana et le convaincre que passer en Ligue turque est la meilleure option pour lui pour retrouver son niveau et participer aux matchs en continu.<\/p>\n<p>Les dirigeants du Besiktas doivent convaincre le joueur de 21 ans de cette id\u00e9e rapidement, pr\u00e9cis\u00e9ment avant mardi prochain, le 11 f\u00e9vrier, qui est le dernier jour du march\u00e9 des transferts hivernal en Turquie.<\/p>\n","protected":false},"excerpt":{"rendered":"<p>Le Besiktas a conclu un accord avec Barcelone pour signer Ansu Fati pour un pr\u00eat de 6 mois jusqu&rsquo;\u00e0 la fin de la saison en cours. Cela a \u00e9t\u00e9 confirm\u00e9 par le journal \u00ab\u00a0Mundo Deportivo\u00a0\u00bb, qui a r\u00e9v\u00e9l\u00e9 que la direction du FC Barcelone et l&rsquo;entra\u00eeneur Hansi Flick esp\u00e8rent que Fati partira en raison du [&hellip;]<\/p>\n","protected":false},"author":2,"featured_media":40596,"comment_status":"closed","ping_status":"closed","sticky":false,"template":"","format":"standard","meta":{"sfio_featured_image":false,"sfio_embed_code":"","footnotes":""},"categories":[10],"tags":[],"class_list":["post-40600","post","type-post","status-publish","format-standard","has-post-thumbnail","hentry","category-non-classifiee"],"_links":{"self":[{"href":"https:\/\/www.fanzword.com\/fr\/wp-json\/wp\/v2\/posts\/40600","targetHints":{"allow":["GET"]}}],"collection":[{"href":"https:\/\/www.fanzword.com\/fr\/wp-json\/wp\/v2\/posts"}],"about":[{"href":"https:\/\/www.fanzword.com\/fr\/wp-json\/wp\/v2\/types\/post"}],"author":[{"embeddable":true,"href":"https:\/\/www.fanzword.com\/fr\/wp-json\/wp\/v2\/users\/2"}],"replies":[{"embeddable":true,"href":"https:\/\/www.fanzword.com\/fr\/wp-json\/wp\/v2\/comments?post=40600"}],"version-history":[{"count":1,"href":"https:\/\/www.fanzword.com\/fr\/wp-json\/wp\/v2\/posts\/40600\/revisions"}],"predecessor-version":[{"id":40601,"href":"https:\/\/www.fanzword.com\/fr\/wp-json\/wp\/v2\/posts\/40600\/revisions\/40601"}],"wp:featuredmedia":[{"embeddable":true,"href":"https:\/\/www.fanzword.com\/fr\/wp-json\/wp\/v2\/media\/40596"}],"wp:attachment":[{"href":"https:\/\/www.fanzword.com\/fr\/wp-json\/wp\/v2\/media?parent=40600"}],"wp:term":[{"taxonomy":"category","embeddable":true,"href":"https:\/\/www.fanzword.com\/fr\/wp-json\/wp\/v2\/categories?post=40600"},{"taxonomy":"post_tag","embeddable":true,"href":"https:\/\/www.fanzword.com\/fr\/wp-json\/wp\/v2\/tags?post=40600"}],"curies":[{"name":"wp","href":"https:\/\/api.w.org\/{rel}","templated":true}]}}