{"id":39795,"date":"2025-01-31T10:02:14","date_gmt":"2025-01-31T10:02:14","guid":{"rendered":"https:\/\/www.fanzword.com\/?p=39795"},"modified":"2025-01-31T10:02:14","modified_gmt":"2025-01-31T10:02:14","slug":"officiellement-le-capitaine-du-fc-barcelone-rejoint-al-ittihad","status":"publish","type":"post","link":"https:\/\/www.fanzword.com\/fr\/officiellement-le-capitaine-du-fc-barcelone-rejoint-al-ittihad\/","title":{"rendered":"Officiellement&#8230; Le capitaine du FC Barcelone rejoint Al-Ittihad"},"content":{"rendered":"<p>Le capitaine de l&rsquo;\u00e9quipe de jeunes de Barcelone, Unai Hernandez, a officiellement finalis\u00e9 son transfert au club saoudien d&rsquo;Al-Ittihad.<\/p>\n<p>La direction du club a entam\u00e9 des n\u00e9gociations la semaine derni\u00e8re pour signer le milieu de terrain prometteur, et Barcelone a accueilli favorablement l&rsquo;offre.<\/p>\n<p>Finalement, l&rsquo;accord a \u00e9t\u00e9 conclu pour un prix fixe de 4,5 millions d&rsquo;euros, plus 500 000 euros suppl\u00e9mentaires sous forme de variables facilement r\u00e9alisables.<\/p>\n<p>Cet accord est tr\u00e8s rentable pour Barcelone sachant que le contrat du joueur de 20 ans expirait \u00e0 la fin de cette saison.<\/p>\n<p>On esp\u00e9rait beaucoup qu&rsquo;Hernandez int\u00e9grerait l&rsquo;\u00e9quipe premi\u00e8re, et il s&rsquo;est entra\u00een\u00e9 avec l&rsquo;\u00e9quipe de Hansi Flick pendant la pr\u00e9-saison, mais il est ensuite retourn\u00e9 dans l&rsquo;\u00e9quipe r\u00e9serve en raison de l&rsquo;abondance de stars \u00e0 son poste.<\/p>\n<p>Cette saison, Unai Hernandez a particip\u00e9 \u00e0 20 matchs en troisi\u00e8me division espagnole, au cours desquels il a marqu\u00e9 9 buts.<\/p>\n<p>Cet accord a contribu\u00e9 d&rsquo;une mani\u00e8re ou d&rsquo;une autre \u00e0 r\u00e9duire la crise de Barcelone avec la loi du Fair Play Financier, et contribue \u00e0 ouvrir un petit espace pour conclure un contrat d&rsquo;hiver avant la fin du march\u00e9 des transferts.<\/p>\n","protected":false},"excerpt":{"rendered":"<p>Le capitaine de l&rsquo;\u00e9quipe de jeunes de Barcelone, Unai Hernandez, a officiellement finalis\u00e9 son transfert au club saoudien d&rsquo;Al-Ittihad. La direction du club a entam\u00e9 des n\u00e9gociations la semaine derni\u00e8re pour signer le milieu de terrain prometteur, et Barcelone a accueilli favorablement l&rsquo;offre. Finalement, l&rsquo;accord a \u00e9t\u00e9 conclu pour un prix fixe de 4,5 millions [&hellip;]<\/p>\n","protected":false},"author":2,"featured_media":39790,"comment_status":"closed","ping_status":"closed","sticky":false,"template":"","format":"standard","meta":{"sfio_featured_image":false,"sfio_embed_code":"","footnotes":""},"categories":[10],"tags":[],"class_list":["post-39795","post","type-post","status-publish","format-standard","has-post-thumbnail","hentry","category-non-classifiee"],"_links":{"self":[{"href":"https:\/\/www.fanzword.com\/fr\/wp-json\/wp\/v2\/posts\/39795","targetHints":{"allow":["GET"]}}],"collection":[{"href":"https:\/\/www.fanzword.com\/fr\/wp-json\/wp\/v2\/posts"}],"about":[{"href":"https:\/\/www.fanzword.com\/fr\/wp-json\/wp\/v2\/types\/post"}],"author":[{"embeddable":true,"href":"https:\/\/www.fanzword.com\/fr\/wp-json\/wp\/v2\/users\/2"}],"replies":[{"embeddable":true,"href":"https:\/\/www.fanzword.com\/fr\/wp-json\/wp\/v2\/comments?post=39795"}],"version-history":[{"count":1,"href":"https:\/\/www.fanzword.com\/fr\/wp-json\/wp\/v2\/posts\/39795\/revisions"}],"predecessor-version":[{"id":39796,"href":"https:\/\/www.fanzword.com\/fr\/wp-json\/wp\/v2\/posts\/39795\/revisions\/39796"}],"wp:featuredmedia":[{"embeddable":true,"href":"https:\/\/www.fanzword.com\/fr\/wp-json\/wp\/v2\/media\/39790"}],"wp:attachment":[{"href":"https:\/\/www.fanzword.com\/fr\/wp-json\/wp\/v2\/media?parent=39795"}],"wp:term":[{"taxonomy":"category","embeddable":true,"href":"https:\/\/www.fanzword.com\/fr\/wp-json\/wp\/v2\/categories?post=39795"},{"taxonomy":"post_tag","embeddable":true,"href":"https:\/\/www.fanzword.com\/fr\/wp-json\/wp\/v2\/tags?post=39795"}],"curies":[{"name":"wp","href":"https:\/\/api.w.org\/{rel}","templated":true}]}}