{"id":38205,"date":"2025-01-15T11:23:49","date_gmt":"2025-01-15T11:23:49","guid":{"rendered":"https:\/\/www.fanzword.com\/?p=38205"},"modified":"2025-01-15T11:23:49","modified_gmt":"2025-01-15T11:23:49","slug":"un-responsable-saoudien-laisse-entendre-que-salah-a-deja-demenage-a-al-hilal","status":"publish","type":"post","link":"https:\/\/www.fanzword.com\/fr\/un-responsable-saoudien-laisse-entendre-que-salah-a-deja-demenage-a-al-hilal\/","title":{"rendered":"Un responsable saoudien laisse entendre que Salah a d\u00e9j\u00e0 d\u00e9m\u00e9nag\u00e9 \u00e0 Al Hilal !"},"content":{"rendered":"<p>Le chef du Comit\u00e9 saoudien du divertissement, Turki Al-Sheikh, a suscit\u00e9 une vive pol\u00e9mique apr\u00e8s qu&rsquo;une photo qu&rsquo;il a publi\u00e9e sur ses comptes a ouvert la porte \u00e0 de nombreuses id\u00e9es sur Mohamed Salah.<\/p>\n<p>Turki a post\u00e9 une photo de Mohamed Salah portant un maillot saoudien d&rsquo;Al Hilal, et a simplement mis quelques \u00e9mojis sans commentaire.<\/p>\n<p>Beaucoup ont consid\u00e9r\u00e9 la photo publi\u00e9e comme une annonce indirecte selon laquelle Al Hilal avait conclu un accord avec Salah pour rejoindre gratuitement la \u00ab Vague Bleue \u00bb l&rsquo;\u00e9t\u00e9 prochain.<\/p>\n<p>Le contrat du joueur de 31 ans avec Liverpool expire \u00e0 la fin de la saison en cours, et jusqu&rsquo;\u00e0 pr\u00e9sent, un accord entre lui et la direction des Reds est loin d&rsquo;\u00eatre trouv\u00e9.<\/p>\n<p>Certains m\u00e9dias anglophones avaient indiqu\u00e9 ces derni\u00e8res heures que Salah \u00e9tait plus proche d&rsquo;un transfert vers la Ligue saoudienne, puis le message de Turki Al-Sheikh est venu accro\u00eetre la controverse \u00e0 cet \u00e9gard.<\/p>\n<p>Salah n&rsquo;a pas r\u00e9ussi \u00e0 marquer ni \u00e0 faire de passe d\u00e9cisive lors du match nul 1-1 de Liverpool contre Nottingham mardi, dans ce qui pourrait \u00eatre son match le moins prolifique de la saison.<\/p>\n","protected":false},"excerpt":{"rendered":"<p>Le chef du Comit\u00e9 saoudien du divertissement, Turki Al-Sheikh, a suscit\u00e9 une vive pol\u00e9mique apr\u00e8s qu&rsquo;une photo qu&rsquo;il a publi\u00e9e sur ses comptes a ouvert la porte \u00e0 de nombreuses id\u00e9es sur Mohamed Salah. Turki a post\u00e9 une photo de Mohamed Salah portant un maillot saoudien d&rsquo;Al Hilal, et a simplement mis quelques \u00e9mojis sans [&hellip;]<\/p>\n","protected":false},"author":2,"featured_media":38200,"comment_status":"closed","ping_status":"closed","sticky":false,"template":"","format":"standard","meta":{"sfio_featured_image":false,"sfio_embed_code":"","footnotes":""},"categories":[10],"tags":[],"class_list":["post-38205","post","type-post","status-publish","format-standard","has-post-thumbnail","hentry","category-non-classifiee"],"_links":{"self":[{"href":"https:\/\/www.fanzword.com\/fr\/wp-json\/wp\/v2\/posts\/38205","targetHints":{"allow":["GET"]}}],"collection":[{"href":"https:\/\/www.fanzword.com\/fr\/wp-json\/wp\/v2\/posts"}],"about":[{"href":"https:\/\/www.fanzword.com\/fr\/wp-json\/wp\/v2\/types\/post"}],"author":[{"embeddable":true,"href":"https:\/\/www.fanzword.com\/fr\/wp-json\/wp\/v2\/users\/2"}],"replies":[{"embeddable":true,"href":"https:\/\/www.fanzword.com\/fr\/wp-json\/wp\/v2\/comments?post=38205"}],"version-history":[{"count":1,"href":"https:\/\/www.fanzword.com\/fr\/wp-json\/wp\/v2\/posts\/38205\/revisions"}],"predecessor-version":[{"id":38206,"href":"https:\/\/www.fanzword.com\/fr\/wp-json\/wp\/v2\/posts\/38205\/revisions\/38206"}],"wp:featuredmedia":[{"embeddable":true,"href":"https:\/\/www.fanzword.com\/fr\/wp-json\/wp\/v2\/media\/38200"}],"wp:attachment":[{"href":"https:\/\/www.fanzword.com\/fr\/wp-json\/wp\/v2\/media?parent=38205"}],"wp:term":[{"taxonomy":"category","embeddable":true,"href":"https:\/\/www.fanzword.com\/fr\/wp-json\/wp\/v2\/categories?post=38205"},{"taxonomy":"post_tag","embeddable":true,"href":"https:\/\/www.fanzword.com\/fr\/wp-json\/wp\/v2\/tags?post=38205"}],"curies":[{"name":"wp","href":"https:\/\/api.w.org\/{rel}","templated":true}]}}