{"id":36108,"date":"2024-12-24T14:50:59","date_gmt":"2024-12-24T14:50:59","guid":{"rendered":"https:\/\/www.fanzword.com\/?p=36108"},"modified":"2024-12-24T14:50:59","modified_gmt":"2024-12-24T14:50:59","slug":"barcelone-annonce-la-blessure-de-sa-star","status":"publish","type":"post","link":"https:\/\/www.fanzword.com\/fr\/barcelone-annonce-la-blessure-de-sa-star\/","title":{"rendered":"Barcelone annonce la blessure de sa star"},"content":{"rendered":"<p>Barcelone a annonc\u00e9 dans un communiqu\u00e9 officiel que sa star, Ferran Torres, avait subi une blessure musculaire qui l&#8217;emp\u00eacherait de participer aux matchs de football pendant un certain temps.<\/p>\n<p>Selon le communiqu\u00e9 du club catalan, Torres souffre d&rsquo;une l\u00e9g\u00e8re blessure musculaire au mollet droit, et la dur\u00e9e de son absence d\u00e9pend du rythme de sa r\u00e9cup\u00e9ration de la blessure.<\/p>\n<p>Les m\u00e9dias catalans ont rapport\u00e9 que Torres manquerait dans un premier temps le match de Barbastro le 4 janvier dans le cadre de la Coupe du Roi d&rsquo;Espagne.<\/p>\n<p>Il existe \u00e9galement de forts doutes quant \u00e0 la possibilit\u00e9 que l&rsquo;international espagnol rejoigne l&rsquo;Athletic Bilbao en demi-finale de la Super Coupe d&rsquo;Espagne en Arabie Saoudite, pr\u00e9vue le 8 janvier.<\/p>\n<p>La blessure de Torres augmentera la poursuite offensive de Barcelone, \u00e9tant donn\u00e9 que Lamine Yamal a \u00e9galement r\u00e9cemment \u00e9t\u00e9 mis \u00e0 l&rsquo;\u00e9cart en raison d&rsquo;une blessure, et donc les solutions offensives ne d\u00e9pendent que de Lewandowski, Raphinha, Ansu Fati et Dani Olmo.<\/p>\n<p>Torres, 24 ans, a particip\u00e9 \u00e0 15 matches cette saison avec l&rsquo;\u00e9quipe de Hansi Flick, o\u00f9 il a marqu\u00e9 5 buts et aid\u00e9 deux autres.<\/p>\n","protected":false},"excerpt":{"rendered":"<p>Barcelone a annonc\u00e9 dans un communiqu\u00e9 officiel que sa star, Ferran Torres, avait subi une blessure musculaire qui l&#8217;emp\u00eacherait de participer aux matchs de football pendant un certain temps. Selon le communiqu\u00e9 du club catalan, Torres souffre d&rsquo;une l\u00e9g\u00e8re blessure musculaire au mollet droit, et la dur\u00e9e de son absence d\u00e9pend du rythme de sa [&hellip;]<\/p>\n","protected":false},"author":2,"featured_media":36103,"comment_status":"closed","ping_status":"closed","sticky":false,"template":"","format":"standard","meta":{"sfio_featured_image":false,"sfio_embed_code":"","footnotes":""},"categories":[10],"tags":[],"class_list":["post-36108","post","type-post","status-publish","format-standard","has-post-thumbnail","hentry","category-non-classifiee"],"_links":{"self":[{"href":"https:\/\/www.fanzword.com\/fr\/wp-json\/wp\/v2\/posts\/36108","targetHints":{"allow":["GET"]}}],"collection":[{"href":"https:\/\/www.fanzword.com\/fr\/wp-json\/wp\/v2\/posts"}],"about":[{"href":"https:\/\/www.fanzword.com\/fr\/wp-json\/wp\/v2\/types\/post"}],"author":[{"embeddable":true,"href":"https:\/\/www.fanzword.com\/fr\/wp-json\/wp\/v2\/users\/2"}],"replies":[{"embeddable":true,"href":"https:\/\/www.fanzword.com\/fr\/wp-json\/wp\/v2\/comments?post=36108"}],"version-history":[{"count":2,"href":"https:\/\/www.fanzword.com\/fr\/wp-json\/wp\/v2\/posts\/36108\/revisions"}],"predecessor-version":[{"id":36110,"href":"https:\/\/www.fanzword.com\/fr\/wp-json\/wp\/v2\/posts\/36108\/revisions\/36110"}],"wp:featuredmedia":[{"embeddable":true,"href":"https:\/\/www.fanzword.com\/fr\/wp-json\/wp\/v2\/media\/36103"}],"wp:attachment":[{"href":"https:\/\/www.fanzword.com\/fr\/wp-json\/wp\/v2\/media?parent=36108"}],"wp:term":[{"taxonomy":"category","embeddable":true,"href":"https:\/\/www.fanzword.com\/fr\/wp-json\/wp\/v2\/categories?post=36108"},{"taxonomy":"post_tag","embeddable":true,"href":"https:\/\/www.fanzword.com\/fr\/wp-json\/wp\/v2\/tags?post=36108"}],"curies":[{"name":"wp","href":"https:\/\/api.w.org\/{rel}","templated":true}]}}