{"id":32311,"date":"2024-11-19T13:14:16","date_gmt":"2024-11-19T13:14:16","guid":{"rendered":"https:\/\/www.fanzword.com\/?p=32311"},"modified":"2024-11-19T13:14:16","modified_gmt":"2024-11-19T13:14:16","slug":"la-star-du-real-madrid-lavoue-jai-mal-depuis-le-clasico-et-barcelone-nous-a-rendus-fous","status":"publish","type":"post","link":"https:\/\/www.fanzword.com\/fr\/la-star-du-real-madrid-lavoue-jai-mal-depuis-le-clasico-et-barcelone-nous-a-rendus-fous\/","title":{"rendered":"La star du Real Madrid l&rsquo;avoue : j&rsquo;ai mal depuis le Cl\u00e1sico et Barcelone \u00ab\u00a0nous a rendus fous\u00a0\u00bb !"},"content":{"rendered":"<p>La star du Real Madrid, Fede Valverde, a admis que la d\u00e9faite 4-0 contre Barcelone lors du Cl\u00e1sico lui \u00ab faisait beaucoup de mal \u00bb, ainsi qu&rsquo;\u00e0 toutes les stars du Royal Club.<\/p>\n<p>La star uruguayenne a d\u00e9clar\u00e9 dans des d\u00e9clarations \u00e0 la presse : \u00ab\u00a0La d\u00e9faite a \u00e9t\u00e9 tr\u00e8s douloureuse. C&rsquo;\u00e9tait un sentiment d&rsquo;impuissance parce que nous avons perdu les trois points dans un match comme celui-l\u00e0\u00a0\u00bb.<\/p>\n<p>Il a \u00e9galement ajout\u00e9 : \u00ab\u00a0La v\u00e9rit\u00e9 est que Barcelone a jou\u00e9 un tr\u00e8s bon match. Ils ont \u00e9t\u00e9 meilleurs et m\u00e9ritaient de gagner. Nous devons admettre que nous n&rsquo;avons pas \u00e9t\u00e9 assez bons.\u00a0\u00bb<\/p>\n<p>\u00ab\u00a0La premi\u00e8re mi-temps a \u00e9t\u00e9 tr\u00e8s \u00e9quilibr\u00e9e. Quant \u00e0 la seconde mi-temps, leur avantage \u00e9tait clair et quand ils ont eu des occasions, ils ont marqu\u00e9. Nous ne l&rsquo;avons pas fait.\u00a0\u00bb<\/p>\n<p>Il a conclu : \u00ab\u00a0Barcelone a domin\u00e9 le match en seconde p\u00e9riode. Ce qui s&rsquo;est pass\u00e9 \u00e9tait pour nous une folie. Leur sup\u00e9riorit\u00e9 n&rsquo;\u00e9tait pas seulement tactique. C&rsquo;est la v\u00e9rit\u00e9.\u00a0\u00bb<\/p>\n<p>Heureusement pour le Real Madrid, Barcelone a ensuite subi une d\u00e9faite contre la Real Sociedad, ramenant l&rsquo;\u00e9cart entre le club catalan et le club de la capitale \u00e0 seulement 3 points en faveur de l&rsquo;\u00e9quipe de Hansi Flick dans le cas o\u00f9 le club remporterait son match report\u00e9 contre Valence en janvier prochain. .<\/p>\n","protected":false},"excerpt":{"rendered":"<p>La star du Real Madrid, Fede Valverde, a admis que la d\u00e9faite 4-0 contre Barcelone lors du Cl\u00e1sico lui \u00ab faisait beaucoup de mal \u00bb, ainsi qu&rsquo;\u00e0 toutes les stars du Royal Club. La star uruguayenne a d\u00e9clar\u00e9 dans des d\u00e9clarations \u00e0 la presse : \u00ab\u00a0La d\u00e9faite a \u00e9t\u00e9 tr\u00e8s douloureuse. C&rsquo;\u00e9tait un sentiment d&rsquo;impuissance [&hellip;]<\/p>\n","protected":false},"author":2,"featured_media":32306,"comment_status":"closed","ping_status":"closed","sticky":false,"template":"","format":"standard","meta":{"sfio_featured_image":false,"sfio_embed_code":"","footnotes":""},"categories":[10],"tags":[],"class_list":["post-32311","post","type-post","status-publish","format-standard","has-post-thumbnail","hentry","category-non-classifiee"],"_links":{"self":[{"href":"https:\/\/www.fanzword.com\/fr\/wp-json\/wp\/v2\/posts\/32311","targetHints":{"allow":["GET"]}}],"collection":[{"href":"https:\/\/www.fanzword.com\/fr\/wp-json\/wp\/v2\/posts"}],"about":[{"href":"https:\/\/www.fanzword.com\/fr\/wp-json\/wp\/v2\/types\/post"}],"author":[{"embeddable":true,"href":"https:\/\/www.fanzword.com\/fr\/wp-json\/wp\/v2\/users\/2"}],"replies":[{"embeddable":true,"href":"https:\/\/www.fanzword.com\/fr\/wp-json\/wp\/v2\/comments?post=32311"}],"version-history":[{"count":1,"href":"https:\/\/www.fanzword.com\/fr\/wp-json\/wp\/v2\/posts\/32311\/revisions"}],"predecessor-version":[{"id":32312,"href":"https:\/\/www.fanzword.com\/fr\/wp-json\/wp\/v2\/posts\/32311\/revisions\/32312"}],"wp:featuredmedia":[{"embeddable":true,"href":"https:\/\/www.fanzword.com\/fr\/wp-json\/wp\/v2\/media\/32306"}],"wp:attachment":[{"href":"https:\/\/www.fanzword.com\/fr\/wp-json\/wp\/v2\/media?parent=32311"}],"wp:term":[{"taxonomy":"category","embeddable":true,"href":"https:\/\/www.fanzword.com\/fr\/wp-json\/wp\/v2\/categories?post=32311"},{"taxonomy":"post_tag","embeddable":true,"href":"https:\/\/www.fanzword.com\/fr\/wp-json\/wp\/v2\/tags?post=32311"}],"curies":[{"name":"wp","href":"https:\/\/api.w.org\/{rel}","templated":true}]}}