{"id":30361,"date":"2024-11-02T12:11:35","date_gmt":"2024-11-02T12:11:35","guid":{"rendered":"https:\/\/www.fanzword.com\/?p=30361"},"modified":"2024-11-02T12:11:35","modified_gmt":"2024-11-02T12:11:35","slug":"reveler-la-date-du-retour-de-rodrygo-pour-participer-aux-matchs-du-real-madrid","status":"publish","type":"post","link":"https:\/\/www.fanzword.com\/fr\/reveler-la-date-du-retour-de-rodrygo-pour-participer-aux-matchs-du-real-madrid\/","title":{"rendered":"R\u00e9v\u00e9ler la date du retour de Rodrygo pour participer aux matchs du Real Madrid"},"content":{"rendered":"<p>La star du Real Madrid, Rodrygo, court contre la montre pour se remettre compl\u00e8tement de sa blessure et participer \u00e0 nouveau aux matchs du Royal Club.<\/p>\n<p>La star br\u00e9silienne s&rsquo;est bless\u00e9e lors du match contre le Borussia Dortmund en Ligue des champions la semaine derni\u00e8re et a ensuite rat\u00e9 le Clasico, au cours duquel son \u00e9quipe a \u00e9t\u00e9 battue 4-0 par Barcelone.<\/p>\n<p>Le Real Madrid n&rsquo;a pas fix\u00e9 de date pour le retour de Rodrygo sur le terrain, mais la nouvelle en provenance du si\u00e8ge de la formation merengue est que la r\u00e9cup\u00e9ration du joueur se d\u00e9roule parfaitement jusqu&rsquo;\u00e0 pr\u00e9sent.<\/p>\n<p>Selon le r\u00e9seau Relivo, Rodrygo est tr\u00e8s proche de la gu\u00e9rison et vise \u00e0 disputer le match de Ligue des champions contre Milan mardi.<\/p>\n<p>En principe, Rodrygo ne devrait pas r\u00e9ussir le match contre Milan, et m\u00eame s&rsquo;il ach\u00e8ve sa convalescence, il est peu probable que Carlo Ancelotti le joue par crainte d&rsquo;un revers.<\/p>\n<p>Par cons\u00e9quent, la date actuellement confirm\u00e9e pour le retour du joueur de 22 ans pour participer aux matchs du Real Madrid sera samedi prochain contre Osasuna en Ligue espagnole.<\/p>\n<p>Il est \u00e0 noter que Rodrygo a particip\u00e9 cette saison avec le Real Madrid \u00e0 13 matches tous tournois confondus, au cours desquels il a marqu\u00e9 3 buts et aid\u00e9 deux autres buts.<\/p>\n","protected":false},"excerpt":{"rendered":"<p>La star du Real Madrid, Rodrygo, court contre la montre pour se remettre compl\u00e8tement de sa blessure et participer \u00e0 nouveau aux matchs du Royal Club. La star br\u00e9silienne s&rsquo;est bless\u00e9e lors du match contre le Borussia Dortmund en Ligue des champions la semaine derni\u00e8re et a ensuite rat\u00e9 le Clasico, au cours duquel son [&hellip;]<\/p>\n","protected":false},"author":2,"featured_media":30356,"comment_status":"closed","ping_status":"closed","sticky":false,"template":"","format":"standard","meta":{"sfio_featured_image":false,"sfio_embed_code":"","footnotes":""},"categories":[220,222],"tags":[],"class_list":["post-30361","post","type-post","status-publish","format-standard","has-post-thumbnail","hentry","category-la-liga-fr","category-real-madrid-fr"],"_links":{"self":[{"href":"https:\/\/www.fanzword.com\/fr\/wp-json\/wp\/v2\/posts\/30361","targetHints":{"allow":["GET"]}}],"collection":[{"href":"https:\/\/www.fanzword.com\/fr\/wp-json\/wp\/v2\/posts"}],"about":[{"href":"https:\/\/www.fanzword.com\/fr\/wp-json\/wp\/v2\/types\/post"}],"author":[{"embeddable":true,"href":"https:\/\/www.fanzword.com\/fr\/wp-json\/wp\/v2\/users\/2"}],"replies":[{"embeddable":true,"href":"https:\/\/www.fanzword.com\/fr\/wp-json\/wp\/v2\/comments?post=30361"}],"version-history":[{"count":2,"href":"https:\/\/www.fanzword.com\/fr\/wp-json\/wp\/v2\/posts\/30361\/revisions"}],"predecessor-version":[{"id":30363,"href":"https:\/\/www.fanzword.com\/fr\/wp-json\/wp\/v2\/posts\/30361\/revisions\/30363"}],"wp:featuredmedia":[{"embeddable":true,"href":"https:\/\/www.fanzword.com\/fr\/wp-json\/wp\/v2\/media\/30356"}],"wp:attachment":[{"href":"https:\/\/www.fanzword.com\/fr\/wp-json\/wp\/v2\/media?parent=30361"}],"wp:term":[{"taxonomy":"category","embeddable":true,"href":"https:\/\/www.fanzword.com\/fr\/wp-json\/wp\/v2\/categories?post=30361"},{"taxonomy":"post_tag","embeddable":true,"href":"https:\/\/www.fanzword.com\/fr\/wp-json\/wp\/v2\/tags?post=30361"}],"curies":[{"name":"wp","href":"https:\/\/api.w.org\/{rel}","templated":true}]}}