{"id":27907,"date":"2024-10-13T08:23:47","date_gmt":"2024-10-13T08:23:47","guid":{"rendered":"https:\/\/www.fanzword.com\/?p=27907"},"modified":"2024-10-13T08:23:47","modified_gmt":"2024-10-13T08:23:47","slug":"rejoindra-t-il-le-match-dal-ain-ou-du-derby-reveler-la-duree-prevue-de-labsence-de-bounou","status":"publish","type":"post","link":"https:\/\/www.fanzword.com\/fr\/rejoindra-t-il-le-match-dal-ain-ou-du-derby-reveler-la-duree-prevue-de-labsence-de-bounou\/","title":{"rendered":"Rejoindra-t-il le match d&rsquo;Al Ain ou du Derby ? R\u00e9v\u00e9ler la dur\u00e9e pr\u00e9vue de l&rsquo;absence de Bounou"},"content":{"rendered":"<p>Selon la presse marocaine, la blessure de Yassine Bounou n&rsquo;est pas grave et il ne lui faudra probablement pas longtemps pour revenir sur le terrain.<\/p>\n<p>Bounou a quitt\u00e9 dimanche le match du Maroc contre la Centrafrique en raison d&rsquo;une blessure \u00e0 la cuisse qui a sem\u00e9 la panique parmi les supporters d&rsquo;Al Hilal, surtout \u00e0 l&rsquo;approche de plusieurs matches majeurs de la \u00ab\u00a0Vague bleue\u00a0\u00bb.<\/p>\n<p>Les premiers examens indiquent que Bounou souffre d&rsquo;une blessure musculaire mineure qui prendrait normalement une semaine pour se remettre et reprendre l&rsquo;entra\u00eenement.<\/p>\n<p>Sur cette base, Bono manquera le match entre le Maroc et la R\u00e9publique centrafricaine mardi prochain, et il est pr\u00e9vu que l&rsquo;entra\u00eeneur Jorge Jesus le repose lors du match d&rsquo;Al-Fayhaa pr\u00e9vu vendredi.<\/p>\n<p>Mais en m\u00eame temps, il n&rsquo;y a aucune inqui\u00e9tude quant \u00e0 la participation de l&rsquo;ancien gardien de S\u00e9ville au match d&rsquo;Al Ain en Ligue des Champions de l&rsquo;AFC le 21 octobre, et m\u00eame si la blessure s&rsquo;aggrave, il est certain qu&rsquo;il se pr\u00e9sentera contre Al Nassr \u00e0 Riyad. derby d\u00e9but novembre.<\/p>\n","protected":false},"excerpt":{"rendered":"<p>Selon la presse marocaine, la blessure de Yassine Bounou n&rsquo;est pas grave et il ne lui faudra probablement pas longtemps pour revenir sur le terrain. Bounou a quitt\u00e9 dimanche le match du Maroc contre la Centrafrique en raison d&rsquo;une blessure \u00e0 la cuisse qui a sem\u00e9 la panique parmi les supporters d&rsquo;Al Hilal, surtout \u00e0 [&hellip;]<\/p>\n","protected":false},"author":2,"featured_media":27903,"comment_status":"closed","ping_status":"closed","sticky":false,"template":"","format":"standard","meta":{"sfio_featured_image":false,"sfio_embed_code":"","footnotes":""},"categories":[236,223],"tags":[],"class_list":["post-27907","post","type-post","status-publish","format-standard","has-post-thumbnail","hentry","category-al-hilal-fr","category-saudi-pro-league-fr"],"_links":{"self":[{"href":"https:\/\/www.fanzword.com\/fr\/wp-json\/wp\/v2\/posts\/27907","targetHints":{"allow":["GET"]}}],"collection":[{"href":"https:\/\/www.fanzword.com\/fr\/wp-json\/wp\/v2\/posts"}],"about":[{"href":"https:\/\/www.fanzword.com\/fr\/wp-json\/wp\/v2\/types\/post"}],"author":[{"embeddable":true,"href":"https:\/\/www.fanzword.com\/fr\/wp-json\/wp\/v2\/users\/2"}],"replies":[{"embeddable":true,"href":"https:\/\/www.fanzword.com\/fr\/wp-json\/wp\/v2\/comments?post=27907"}],"version-history":[{"count":1,"href":"https:\/\/www.fanzword.com\/fr\/wp-json\/wp\/v2\/posts\/27907\/revisions"}],"predecessor-version":[{"id":27908,"href":"https:\/\/www.fanzword.com\/fr\/wp-json\/wp\/v2\/posts\/27907\/revisions\/27908"}],"wp:featuredmedia":[{"embeddable":true,"href":"https:\/\/www.fanzword.com\/fr\/wp-json\/wp\/v2\/media\/27903"}],"wp:attachment":[{"href":"https:\/\/www.fanzword.com\/fr\/wp-json\/wp\/v2\/media?parent=27907"}],"wp:term":[{"taxonomy":"category","embeddable":true,"href":"https:\/\/www.fanzword.com\/fr\/wp-json\/wp\/v2\/categories?post=27907"},{"taxonomy":"post_tag","embeddable":true,"href":"https:\/\/www.fanzword.com\/fr\/wp-json\/wp\/v2\/tags?post=27907"}],"curies":[{"name":"wp","href":"https:\/\/api.w.org\/{rel}","templated":true}]}}