{"id":27263,"date":"2024-10-06T12:28:57","date_gmt":"2024-10-06T12:28:57","guid":{"rendered":"https:\/\/www.fanzword.com\/?p=27263"},"modified":"2024-10-06T12:28:57","modified_gmt":"2024-10-06T12:28:57","slug":"indemnisation-immediate-du-real-madrid-pour-carvajal-apres-sa-grave-blessure","status":"publish","type":"post","link":"https:\/\/www.fanzword.com\/fr\/indemnisation-immediate-du-real-madrid-pour-carvajal-apres-sa-grave-blessure\/","title":{"rendered":"Indemnisation imm\u00e9diate du Real Madrid pour Carvajal apr\u00e8s sa grave blessure"},"content":{"rendered":"<p>Le Real Madrid a annonc\u00e9 la prolongation d&rsquo;un an du contrat de Dani Carvajal, quelques heures apr\u00e8s la grave blessure subie lors du match contre Villarreal.<\/p>\n<p>Trois ligaments du genou droit de Carvajal ont \u00e9t\u00e9 endommag\u00e9s et, pour cette raison, il ne devrait pas revenir sur le terrain avant un an.<\/p>\n<p>Le contrat de l&rsquo;international espagnol avec le Real Madrid a expir\u00e9 \u00e0 l&rsquo;\u00e9t\u00e9 2025 et, le mois dernier, il a \u00e9t\u00e9 annonc\u00e9 que la direction de Florentino P\u00e9rez envisageait de renouveler le contrat et que les n\u00e9gociations avec lui commenceraient bient\u00f4t.<\/p>\n<p>Apr\u00e8s cette blessure soudaine et grave, le Royal Club a d\u00e9cid\u00e9 de montrer son soutien autant que possible et a renouvel\u00e9 le contrat du joueur de 34 ans jusqu&rsquo;en juin 2026.<\/p>\n<p>\u00ab\u00a0Le Real Madrid souhaite exprimer son plein soutien et son appr\u00e9ciation \u00e0 Carvajal et lui souhaite un prompt r\u00e9tablissement afin que nous puissions le voir sur le terrain le plus rapidement possible\u00a0\u00bb, a \u00e9crit le Real Madrid dans son communiqu\u00e9.<\/p>\n<p>Il est \u00e0 noter que Carvajal a remport\u00e9 26 titres avec le Real Madrid, dont 6 titres en Ligue des champions, et a \u00e9galement remport\u00e9 le titre de l&rsquo;Euro 2024 avec l&rsquo;Espagne l&rsquo;\u00e9t\u00e9 dernier.<\/p>\n","protected":false},"excerpt":{"rendered":"<p>Le Real Madrid a annonc\u00e9 la prolongation d&rsquo;un an du contrat de Dani Carvajal, quelques heures apr\u00e8s la grave blessure subie lors du match contre Villarreal. Trois ligaments du genou droit de Carvajal ont \u00e9t\u00e9 endommag\u00e9s et, pour cette raison, il ne devrait pas revenir sur le terrain avant un an. Le contrat de l&rsquo;international [&hellip;]<\/p>\n","protected":false},"author":2,"featured_media":27258,"comment_status":"closed","ping_status":"closed","sticky":false,"template":"","format":"standard","meta":{"sfio_featured_image":false,"sfio_embed_code":"","footnotes":""},"categories":[220,222],"tags":[],"class_list":["post-27263","post","type-post","status-publish","format-standard","has-post-thumbnail","hentry","category-la-liga-fr","category-real-madrid-fr"],"_links":{"self":[{"href":"https:\/\/www.fanzword.com\/fr\/wp-json\/wp\/v2\/posts\/27263","targetHints":{"allow":["GET"]}}],"collection":[{"href":"https:\/\/www.fanzword.com\/fr\/wp-json\/wp\/v2\/posts"}],"about":[{"href":"https:\/\/www.fanzword.com\/fr\/wp-json\/wp\/v2\/types\/post"}],"author":[{"embeddable":true,"href":"https:\/\/www.fanzword.com\/fr\/wp-json\/wp\/v2\/users\/2"}],"replies":[{"embeddable":true,"href":"https:\/\/www.fanzword.com\/fr\/wp-json\/wp\/v2\/comments?post=27263"}],"version-history":[{"count":2,"href":"https:\/\/www.fanzword.com\/fr\/wp-json\/wp\/v2\/posts\/27263\/revisions"}],"predecessor-version":[{"id":27265,"href":"https:\/\/www.fanzword.com\/fr\/wp-json\/wp\/v2\/posts\/27263\/revisions\/27265"}],"wp:featuredmedia":[{"embeddable":true,"href":"https:\/\/www.fanzword.com\/fr\/wp-json\/wp\/v2\/media\/27258"}],"wp:attachment":[{"href":"https:\/\/www.fanzword.com\/fr\/wp-json\/wp\/v2\/media?parent=27263"}],"wp:term":[{"taxonomy":"category","embeddable":true,"href":"https:\/\/www.fanzword.com\/fr\/wp-json\/wp\/v2\/categories?post=27263"},{"taxonomy":"post_tag","embeddable":true,"href":"https:\/\/www.fanzword.com\/fr\/wp-json\/wp\/v2\/tags?post=27263"}],"curies":[{"name":"wp","href":"https:\/\/api.w.org\/{rel}","templated":true}]}}