{"id":26649,"date":"2024-09-29T11:32:12","date_gmt":"2024-09-29T11:32:12","guid":{"rendered":"https:\/\/www.fanzword.com\/?p=26649"},"modified":"2024-09-29T11:32:12","modified_gmt":"2024-09-29T11:32:12","slug":"pourquoi-larrivee-de-szczesny-a-barcelone-a-t-elle-ete-retardee","status":"publish","type":"post","link":"https:\/\/www.fanzword.com\/fr\/pourquoi-larrivee-de-szczesny-a-barcelone-a-t-elle-ete-retardee\/","title":{"rendered":"Pourquoi l&rsquo;arriv\u00e9e de Szczesny \u00e0 Barcelone a-t-elle \u00e9t\u00e9 retard\u00e9e ?"},"content":{"rendered":"<p>Les questions se sont multipli\u00e9es ces derni\u00e8res heures sur les raisons pour lesquelles Barcelone n&rsquo;a pas encore officiellement annonc\u00e9 le contrat avec Szczesny, malgr\u00e9 un accord avec le gardien polonais sur tous les d\u00e9tails.<\/p>\n<p>Szczesny avait accept\u00e9 de sortir de sa retraite et de rejoindre Barcelone pendant un an pour succ\u00e9der \u00e0 Ter Stegen, apr\u00e8s que le gardien allemand ait subi une grave blessure aux ischio-jambiers qui l&#8217;emp\u00eacherait d&rsquo;entrer sur le terrain pendant 8 mois.<\/p>\n<p>Les journaux espagnols ont fix\u00e9 au d\u00e9but de cette semaine la date pour annoncer l&rsquo;arriv\u00e9e de Szczesny, et certains d&rsquo;entre eux esp\u00e9raient que le joueur de 34 ans participerait mardi au match des Young Boys de Ligue des Champions.<\/p>\n<p>Mais jusqu&rsquo;\u00e0 pr\u00e9sent, Barcelone n&rsquo;a pas annonc\u00e9 la signature de Szczesny, alors quel est le secret ?<\/p>\n<p>Selon le r\u00e9seau \u00ab\u00a0Relevo\u00a0\u00bb, il existe des probl\u00e8mes techniques entre Barcelone et la Liga qui emp\u00eachent jusqu&rsquo;\u00e0 pr\u00e9sent l&rsquo;annonce de l&rsquo;inclusion de Szczesny, et les travaux battent leur plein pour les r\u00e9soudre le plus rapidement possible.<\/p>\n<p>Barcelone a le droit d&rsquo;inscrire Szczesny \u00e0 la place de Stegen au plus tard le 22 octobre, \u00e0 condition que son salaire ne d\u00e9passe pas 80% du salaire de l&rsquo;Allemand, mais il semble que le club catalan doive envoyer des documents suppl\u00e9mentaires prouvant l&rsquo;\u00e9tendue de la blessure de Stegen, et le l&rsquo;association doit entreprendre les d\u00e9marches juridiques n\u00e9cessaires pour envoyer son approbation.<\/p>\n","protected":false},"excerpt":{"rendered":"<p>Les questions se sont multipli\u00e9es ces derni\u00e8res heures sur les raisons pour lesquelles Barcelone n&rsquo;a pas encore officiellement annonc\u00e9 le contrat avec Szczesny, malgr\u00e9 un accord avec le gardien polonais sur tous les d\u00e9tails. Szczesny avait accept\u00e9 de sortir de sa retraite et de rejoindre Barcelone pendant un an pour succ\u00e9der \u00e0 Ter Stegen, apr\u00e8s [&hellip;]<\/p>\n","protected":false},"author":2,"featured_media":26645,"comment_status":"closed","ping_status":"closed","sticky":false,"template":"","format":"standard","meta":{"sfio_featured_image":false,"sfio_embed_code":"","footnotes":""},"categories":[221,220],"tags":[],"class_list":["post-26649","post","type-post","status-publish","format-standard","has-post-thumbnail","hentry","category-barcelona-fr","category-la-liga-fr"],"_links":{"self":[{"href":"https:\/\/www.fanzword.com\/fr\/wp-json\/wp\/v2\/posts\/26649","targetHints":{"allow":["GET"]}}],"collection":[{"href":"https:\/\/www.fanzword.com\/fr\/wp-json\/wp\/v2\/posts"}],"about":[{"href":"https:\/\/www.fanzword.com\/fr\/wp-json\/wp\/v2\/types\/post"}],"author":[{"embeddable":true,"href":"https:\/\/www.fanzword.com\/fr\/wp-json\/wp\/v2\/users\/2"}],"replies":[{"embeddable":true,"href":"https:\/\/www.fanzword.com\/fr\/wp-json\/wp\/v2\/comments?post=26649"}],"version-history":[{"count":1,"href":"https:\/\/www.fanzword.com\/fr\/wp-json\/wp\/v2\/posts\/26649\/revisions"}],"predecessor-version":[{"id":26650,"href":"https:\/\/www.fanzword.com\/fr\/wp-json\/wp\/v2\/posts\/26649\/revisions\/26650"}],"wp:featuredmedia":[{"embeddable":true,"href":"https:\/\/www.fanzword.com\/fr\/wp-json\/wp\/v2\/media\/26645"}],"wp:attachment":[{"href":"https:\/\/www.fanzword.com\/fr\/wp-json\/wp\/v2\/media?parent=26649"}],"wp:term":[{"taxonomy":"category","embeddable":true,"href":"https:\/\/www.fanzword.com\/fr\/wp-json\/wp\/v2\/categories?post=26649"},{"taxonomy":"post_tag","embeddable":true,"href":"https:\/\/www.fanzword.com\/fr\/wp-json\/wp\/v2\/tags?post=26649"}],"curies":[{"name":"wp","href":"https:\/\/api.w.org\/{rel}","templated":true}]}}