{"id":24528,"date":"2024-09-03T14:52:13","date_gmt":"2024-09-03T14:52:13","guid":{"rendered":"https:\/\/www.fanzword.com\/?p=24528"},"modified":"2024-09-03T14:52:13","modified_gmt":"2024-09-03T14:52:13","slug":"koeman-prive-bergwijn-de-representer-les-pays-bas-pour-toujours","status":"publish","type":"post","link":"https:\/\/www.fanzword.com\/fr\/koeman-prive-bergwijn-de-representer-les-pays-bas-pour-toujours\/","title":{"rendered":"Koeman prive Bergwijn de repr\u00e9senter les Pays-Bas \u00ab pour toujours \u00bb !"},"content":{"rendered":"<p>L&rsquo;entra\u00eeneur de l&rsquo;\u00e9quipe nationale des Pays-Bas, Ronald Koeman, a confirm\u00e9 que Steven Bergwijn ne jouerait plus pour les Moulins \u00e0 vent en raison de son transfert en Ligue saoudienne.<\/p>\n<p>Al-Ittihad Club a annonc\u00e9 son contrat avec Bergwijn, en provenance de l&rsquo;Ajax, pour un montant \u00e9valu\u00e9 \u00e0 25 millions d&rsquo;euros.<\/p>\n<p>Il semble que le transfert de l&rsquo;ancien joueur de Tottenham vers la Ligue saoudienne ait tellement irrit\u00e9 Koeman qu&rsquo;il a confirm\u00e9 qu&rsquo;il \u00e9tait priv\u00e9 de repr\u00e9senter les Pays-Bas tant qu&rsquo;il en serait l&rsquo;entra\u00eeneur.<\/p>\n<p>\u00ab\u00a0Bergwijn a d\u00e9m\u00e9nag\u00e9 en Arabie saoudite \u00e0 l&rsquo;\u00e2ge de 26 ans\u00a0\u00bb, a d\u00e9clar\u00e9 Koeman mardi lors d&rsquo;une conf\u00e9rence de presse. \u00ab\u00a0Il est clair que cela n&rsquo;a rien \u00e0 voir avec l&rsquo;ambition sportive.\u00a0\u00bb<\/p>\n<p>Il a ajout\u00e9 : \u00ab\u00a0La carri\u00e8re de Bergwijn en tant qu&rsquo;entra\u00eeneur des Pays-Bas est termin\u00e9e. Il ne nous rejoindra pas tant que je serai l&rsquo;entra\u00eeneur.\u00a0\u00bb<\/p>\n<p>A noter que l&rsquo;\u00e9quipe nationale des Pays-Bas affrontera la Bosnie-Herz\u00e9govine puis l&rsquo;Allemagne, les 7 et 10 septembre, dans le cadre des comp\u00e9titions de la Ligue europ\u00e9enne des nations.<\/p>\n","protected":false},"excerpt":{"rendered":"<p>L&rsquo;entra\u00eeneur de l&rsquo;\u00e9quipe nationale des Pays-Bas, Ronald Koeman, a confirm\u00e9 que Steven Bergwijn ne jouerait plus pour les Moulins \u00e0 vent en raison de son transfert en Ligue saoudienne. Al-Ittihad Club a annonc\u00e9 son contrat avec Bergwijn, en provenance de l&rsquo;Ajax, pour un montant \u00e9valu\u00e9 \u00e0 25 millions d&rsquo;euros. Il semble que le transfert de [&hellip;]<\/p>\n","protected":false},"author":2,"featured_media":24523,"comment_status":"closed","ping_status":"closed","sticky":false,"template":"","format":"standard","meta":{"sfio_featured_image":false,"sfio_embed_code":"","footnotes":""},"categories":[210,223],"tags":[],"class_list":["post-24528","post","type-post","status-publish","format-standard","has-post-thumbnail","hentry","category-ittihad","category-saudi-pro-league-fr"],"_links":{"self":[{"href":"https:\/\/www.fanzword.com\/fr\/wp-json\/wp\/v2\/posts\/24528","targetHints":{"allow":["GET"]}}],"collection":[{"href":"https:\/\/www.fanzword.com\/fr\/wp-json\/wp\/v2\/posts"}],"about":[{"href":"https:\/\/www.fanzword.com\/fr\/wp-json\/wp\/v2\/types\/post"}],"author":[{"embeddable":true,"href":"https:\/\/www.fanzword.com\/fr\/wp-json\/wp\/v2\/users\/2"}],"replies":[{"embeddable":true,"href":"https:\/\/www.fanzword.com\/fr\/wp-json\/wp\/v2\/comments?post=24528"}],"version-history":[{"count":1,"href":"https:\/\/www.fanzword.com\/fr\/wp-json\/wp\/v2\/posts\/24528\/revisions"}],"predecessor-version":[{"id":24529,"href":"https:\/\/www.fanzword.com\/fr\/wp-json\/wp\/v2\/posts\/24528\/revisions\/24529"}],"wp:featuredmedia":[{"embeddable":true,"href":"https:\/\/www.fanzword.com\/fr\/wp-json\/wp\/v2\/media\/24523"}],"wp:attachment":[{"href":"https:\/\/www.fanzword.com\/fr\/wp-json\/wp\/v2\/media?parent=24528"}],"wp:term":[{"taxonomy":"category","embeddable":true,"href":"https:\/\/www.fanzword.com\/fr\/wp-json\/wp\/v2\/categories?post=24528"},{"taxonomy":"post_tag","embeddable":true,"href":"https:\/\/www.fanzword.com\/fr\/wp-json\/wp\/v2\/tags?post=24528"}],"curies":[{"name":"wp","href":"https:\/\/api.w.org\/{rel}","templated":true}]}}