{"id":24439,"date":"2024-09-02T13:00:38","date_gmt":"2024-09-02T13:00:38","guid":{"rendered":"https:\/\/www.fanzword.com\/?p=24439"},"modified":"2024-09-02T13:00:38","modified_gmt":"2024-09-02T13:00:38","slug":"un-nouvel-et-ancien-accord-soutient-barcelone-apres-la-treve-internationale","status":"publish","type":"post","link":"https:\/\/www.fanzword.com\/fr\/un-nouvel-et-ancien-accord-soutient-barcelone-apres-la-treve-internationale\/","title":{"rendered":"Un nouvel et ancien accord soutient Barcelone apr\u00e8s la tr\u00eave internationale !"},"content":{"rendered":"<p>Barcelone a re\u00e7u un grand \u00e9lan moral et technique, apr\u00e8s le retour d&rsquo;une de ses stars pour participer \u00e0 nouveau \u00e0 l&rsquo;entra\u00eenement de l&rsquo;\u00e9quipe.<\/p>\n<p>On parle ici d&rsquo;Ansu Fati, apr\u00e8s que le joueur s&rsquo;est r\u00e9tabli et a r\u00e9ussi \u00e0 s&rsquo;entra\u00eener \u00e0 nouveau sur le gazon.<\/p>\n<p>Au d\u00e9but de la pr\u00e9-saison, l&rsquo;international espagnol s&rsquo;est bless\u00e9 au pied droit, ce qui l&rsquo;a contraint \u00e0 \u00eatre absent pendant un mois et demi.<\/p>\n<p>Selon le journal \u00ab\u00a0Sport\u00a0\u00bb, Fati sera \u00e0 nouveau pr\u00eat \u00e0 participer aux matches avec Barcelone apr\u00e8s son retour de la tr\u00eave internationale.<\/p>\n<p>L&rsquo;entra\u00eeneur Hansi Flick avait annonc\u00e9 qu&rsquo;il avait une grande confiance dans les capacit\u00e9s de Fati et qu&rsquo;il pensait qu&rsquo;il pouvait apporter un compl\u00e9ment \u00e0 la ligne offensive. Il attendait donc son retour avec impatience.<\/p>\n<p>Fati peut participer au poste d&rsquo;ailier gauche, o\u00f9 Barcelone est confront\u00e9e \u00e0 une v\u00e9ritable crise, et on peut \u00e9galement compter sur lui au poste d&rsquo;attaquant pur et simple.<\/p>\n<p>Pour cette raison, Fati peut \u00eatre consid\u00e9r\u00e9 comme une nouvelle recrue pour Barcelone, d&rsquo;autant plus qu&rsquo;il n&rsquo;a pas jou\u00e9 la saison derni\u00e8re avec Barcelone et qu&rsquo;il \u00e9tait pr\u00eat\u00e9 \u00e0 Brighton.<\/p>\n<p>Le dimanche 15 septembre, Barcelone rencontrera G\u00e9rone dans un derby catalan qui rev\u00eat le caract\u00e8re d&rsquo;une revanche pour les Blaugrana apr\u00e8s avoir perdu deux matches la saison derni\u00e8re face \u00e0 la petite \u00e9quipe de la r\u00e9gion.<\/p>\n","protected":false},"excerpt":{"rendered":"<p>Barcelone a re\u00e7u un grand \u00e9lan moral et technique, apr\u00e8s le retour d&rsquo;une de ses stars pour participer \u00e0 nouveau \u00e0 l&rsquo;entra\u00eenement de l&rsquo;\u00e9quipe. On parle ici d&rsquo;Ansu Fati, apr\u00e8s que le joueur s&rsquo;est r\u00e9tabli et a r\u00e9ussi \u00e0 s&rsquo;entra\u00eener \u00e0 nouveau sur le gazon. Au d\u00e9but de la pr\u00e9-saison, l&rsquo;international espagnol s&rsquo;est bless\u00e9 au [&hellip;]<\/p>\n","protected":false},"author":2,"featured_media":24435,"comment_status":"closed","ping_status":"closed","sticky":false,"template":"","format":"standard","meta":{"sfio_featured_image":false,"sfio_embed_code":"","footnotes":""},"categories":[221,220],"tags":[],"class_list":["post-24439","post","type-post","status-publish","format-standard","has-post-thumbnail","hentry","category-barcelona-fr","category-la-liga-fr"],"_links":{"self":[{"href":"https:\/\/www.fanzword.com\/fr\/wp-json\/wp\/v2\/posts\/24439","targetHints":{"allow":["GET"]}}],"collection":[{"href":"https:\/\/www.fanzword.com\/fr\/wp-json\/wp\/v2\/posts"}],"about":[{"href":"https:\/\/www.fanzword.com\/fr\/wp-json\/wp\/v2\/types\/post"}],"author":[{"embeddable":true,"href":"https:\/\/www.fanzword.com\/fr\/wp-json\/wp\/v2\/users\/2"}],"replies":[{"embeddable":true,"href":"https:\/\/www.fanzword.com\/fr\/wp-json\/wp\/v2\/comments?post=24439"}],"version-history":[{"count":1,"href":"https:\/\/www.fanzword.com\/fr\/wp-json\/wp\/v2\/posts\/24439\/revisions"}],"predecessor-version":[{"id":24440,"href":"https:\/\/www.fanzword.com\/fr\/wp-json\/wp\/v2\/posts\/24439\/revisions\/24440"}],"wp:featuredmedia":[{"embeddable":true,"href":"https:\/\/www.fanzword.com\/fr\/wp-json\/wp\/v2\/media\/24435"}],"wp:attachment":[{"href":"https:\/\/www.fanzword.com\/fr\/wp-json\/wp\/v2\/media?parent=24439"}],"wp:term":[{"taxonomy":"category","embeddable":true,"href":"https:\/\/www.fanzword.com\/fr\/wp-json\/wp\/v2\/categories?post=24439"},{"taxonomy":"post_tag","embeddable":true,"href":"https:\/\/www.fanzword.com\/fr\/wp-json\/wp\/v2\/tags?post=24439"}],"curies":[{"name":"wp","href":"https:\/\/api.w.org\/{rel}","templated":true}]}}