{"id":24412,"date":"2024-09-02T12:20:03","date_gmt":"2024-09-02T12:20:03","guid":{"rendered":"https:\/\/www.fanzword.com\/?p=24412"},"modified":"2024-09-02T12:20:03","modified_gmt":"2024-09-02T12:20:03","slug":"il-la-indemnise-avec-un-montant-enorme-al-nassr-a-resilie-le-contrat-de-sa-star","status":"publish","type":"post","link":"https:\/\/www.fanzword.com\/fr\/il-la-indemnise-avec-un-montant-enorme-al-nassr-a-resilie-le-contrat-de-sa-star\/","title":{"rendered":"Il l&rsquo;a indemnis\u00e9 avec un montant \u00e9norme&#8230; Al-Nassr a r\u00e9sili\u00e9 le contrat de sa star"},"content":{"rendered":"<p>Al-Nassr a annonc\u00e9 dans un communiqu\u00e9 officiel avoir r\u00e9sili\u00e9 le contrat de son joueur Alex Telles apr\u00e8s une seule saison pass\u00e9e dans les murs du \u00ab Fares Najd \u00bb.<\/p>\n<p>Al-Nassr a d\u00e9clar\u00e9 dans le communiqu\u00e9 : \u00ab\u00a0La direction du club a convenu avec le joueur br\u00e9silien Alex Telles de r\u00e9silier le contrat d&rsquo;un commun accord.\u00a0\u00bb<\/p>\n<p>Selon les m\u00e9dias portugais, Telles, 31 ans, serait en passe de rejoindre gratuitement un club du championnat turc.<\/p>\n<p>La d\u00e9cision d\u2019Al-Nassr de r\u00e9silier le contrat de Telles s\u2019inscrit dans le cadre de ses efforts visant \u00e0 recruter un autre joueur \u00e9tranger avant la fin du mercato d\u2019\u00e9t\u00e9 en Arabie Saoudite.<\/p>\n<p>Selon des informations saoudiennes, Al-Nassr a \u00e9t\u00e9 contraint de payer 6 millions d&rsquo;euros \u00e0 Telles afin de signer un accord financier et de r\u00e9silier le contrat entre les deux parties d&rsquo;un commun accord.<\/p>\n<p>Telles a rejoint Al-Nassr pour 4,6 millions d&rsquo;euros depuis S\u00e9ville \u00e0 l&rsquo;\u00e9t\u00e9 2023, et son contrat avec Al-Alay a \u00e9t\u00e9 prolong\u00e9 jusqu&rsquo;\u00e0 l&rsquo;\u00e9t\u00e9 2025.<\/p>\n<p>Telles a disput\u00e9 un total de 38 matchs avec Al-Nassr, marquant 3 buts et en aidant 5 autres.<\/p>\n","protected":false},"excerpt":{"rendered":"<p>Al-Nassr a annonc\u00e9 dans un communiqu\u00e9 officiel avoir r\u00e9sili\u00e9 le contrat de son joueur Alex Telles apr\u00e8s une seule saison pass\u00e9e dans les murs du \u00ab Fares Najd \u00bb. Al-Nassr a d\u00e9clar\u00e9 dans le communiqu\u00e9 : \u00ab\u00a0La direction du club a convenu avec le joueur br\u00e9silien Alex Telles de r\u00e9silier le contrat d&rsquo;un commun accord.\u00a0\u00bb [&hellip;]<\/p>\n","protected":false},"author":2,"featured_media":24406,"comment_status":"closed","ping_status":"closed","sticky":false,"template":"","format":"standard","meta":{"sfio_featured_image":false,"sfio_embed_code":"","footnotes":""},"categories":[224,223,233],"tags":[],"class_list":["post-24412","post","type-post","status-publish","format-standard","has-post-thumbnail","hentry","category-al-nassr-fr","category-saudi-pro-league-fr","category-transferts"],"_links":{"self":[{"href":"https:\/\/www.fanzword.com\/fr\/wp-json\/wp\/v2\/posts\/24412","targetHints":{"allow":["GET"]}}],"collection":[{"href":"https:\/\/www.fanzword.com\/fr\/wp-json\/wp\/v2\/posts"}],"about":[{"href":"https:\/\/www.fanzword.com\/fr\/wp-json\/wp\/v2\/types\/post"}],"author":[{"embeddable":true,"href":"https:\/\/www.fanzword.com\/fr\/wp-json\/wp\/v2\/users\/2"}],"replies":[{"embeddable":true,"href":"https:\/\/www.fanzword.com\/fr\/wp-json\/wp\/v2\/comments?post=24412"}],"version-history":[{"count":1,"href":"https:\/\/www.fanzword.com\/fr\/wp-json\/wp\/v2\/posts\/24412\/revisions"}],"predecessor-version":[{"id":24413,"href":"https:\/\/www.fanzword.com\/fr\/wp-json\/wp\/v2\/posts\/24412\/revisions\/24413"}],"wp:featuredmedia":[{"embeddable":true,"href":"https:\/\/www.fanzword.com\/fr\/wp-json\/wp\/v2\/media\/24406"}],"wp:attachment":[{"href":"https:\/\/www.fanzword.com\/fr\/wp-json\/wp\/v2\/media?parent=24412"}],"wp:term":[{"taxonomy":"category","embeddable":true,"href":"https:\/\/www.fanzword.com\/fr\/wp-json\/wp\/v2\/categories?post=24412"},{"taxonomy":"post_tag","embeddable":true,"href":"https:\/\/www.fanzword.com\/fr\/wp-json\/wp\/v2\/tags?post=24412"}],"curies":[{"name":"wp","href":"https:\/\/api.w.org\/{rel}","templated":true}]}}