{"id":24214,"date":"2024-08-31T16:31:53","date_gmt":"2024-08-31T16:31:53","guid":{"rendered":"https:\/\/www.fanzword.com\/?p=24214"},"modified":"2024-08-31T16:31:53","modified_gmt":"2024-08-31T16:31:53","slug":"le-premier-adversaire-du-real-madrid-en-ligue-des-champions-seffondre","status":"publish","type":"post","link":"https:\/\/www.fanzword.com\/fr\/le-premier-adversaire-du-real-madrid-en-ligue-des-champions-seffondre\/","title":{"rendered":"Le premier adversaire du Real Madrid en Ligue des Champions s&rsquo;effondre !"},"content":{"rendered":"<p>Le Real Madrid d\u00e9butera la d\u00e9fense de son titre en Ligue des Champions contre Stuttgart au Santiago Bernab\u00e9u le 17 septembre, a annonc\u00e9 l&rsquo;UEFA samedi.<\/p>\n<p>Le club allemand a termin\u00e9 deuxi\u00e8me de la Bundesliga la saison derni\u00e8re, r\u00e9alisant ainsi son record de points le plus \u00e9lev\u00e9 de son histoire et d\u00e9passant m\u00eame le nombre d&rsquo;ann\u00e9es au cours desquelles il a remport\u00e9 le titre de champion.<\/p>\n<p>Cependant, le d\u00e9but de saison de Stuttgart laisse pr\u00e9sager un d\u00e9clin important pour l&rsquo;\u00e9quipe, surtout apr\u00e8s la perte de son meilleur buteur, Serho Djerassi.<\/p>\n<p>Stuttgart a d\u00e9but\u00e9 la Ligue allemande avec une d\u00e9faite contre Fribourg 3-1 \u00e0 l&rsquo;ext\u00e9rieur, et aujourd&rsquo;hui dans son c\u00e9l\u00e8bre stade MHP, il a \u00e9galis\u00e9 avec Mayence 3-3.<\/p>\n<p>Stuttgart menait 2-0 dans le premier quart d&rsquo;heure, mais n&rsquo;a pas r\u00e9ussi \u00e0 maintenir son avance et Mayence est revenue et a \u00e9galis\u00e9 en seconde p\u00e9riode 2-2.<\/p>\n<p>\u00c0 la 87e minute, Stuttgart a marqu\u00e9 un but qui a \u00e9t\u00e9 consid\u00e9r\u00e9 comme le but gagnant, mais Mayence les a de nouveau surpris et a \u00e9galis\u00e9 \u00e0 la 93e minute.<\/p>\n<p>Stuttgart jouera un match de plus avant de fixer un rendez-vous avec le Real Madrid, o\u00f9 il affrontera le Borussia M\u00f6nchengladbach au Borussia Park, puis se rendra dans la capitale espagnole pour disputer son premier match de Ligue des Champions depuis 2010.<\/p>\n","protected":false},"excerpt":{"rendered":"<p>Le Real Madrid d\u00e9butera la d\u00e9fense de son titre en Ligue des Champions contre Stuttgart au Santiago Bernab\u00e9u le 17 septembre, a annonc\u00e9 l&rsquo;UEFA samedi. Le club allemand a termin\u00e9 deuxi\u00e8me de la Bundesliga la saison derni\u00e8re, r\u00e9alisant ainsi son record de points le plus \u00e9lev\u00e9 de son histoire et d\u00e9passant m\u00eame le nombre d&rsquo;ann\u00e9es [&hellip;]<\/p>\n","protected":false},"author":2,"featured_media":24210,"comment_status":"closed","ping_status":"closed","sticky":false,"template":"","format":"standard","meta":{"sfio_featured_image":false,"sfio_embed_code":"","footnotes":""},"categories":[211,220,251,222],"tags":[],"class_list":["post-24214","post","type-post","status-publish","format-standard","has-post-thumbnail","hentry","category-bundesliga","category-la-liga-fr","category-ligue-des-champions","category-real-madrid-fr"],"_links":{"self":[{"href":"https:\/\/www.fanzword.com\/fr\/wp-json\/wp\/v2\/posts\/24214","targetHints":{"allow":["GET"]}}],"collection":[{"href":"https:\/\/www.fanzword.com\/fr\/wp-json\/wp\/v2\/posts"}],"about":[{"href":"https:\/\/www.fanzword.com\/fr\/wp-json\/wp\/v2\/types\/post"}],"author":[{"embeddable":true,"href":"https:\/\/www.fanzword.com\/fr\/wp-json\/wp\/v2\/users\/2"}],"replies":[{"embeddable":true,"href":"https:\/\/www.fanzword.com\/fr\/wp-json\/wp\/v2\/comments?post=24214"}],"version-history":[{"count":1,"href":"https:\/\/www.fanzword.com\/fr\/wp-json\/wp\/v2\/posts\/24214\/revisions"}],"predecessor-version":[{"id":24215,"href":"https:\/\/www.fanzword.com\/fr\/wp-json\/wp\/v2\/posts\/24214\/revisions\/24215"}],"wp:featuredmedia":[{"embeddable":true,"href":"https:\/\/www.fanzword.com\/fr\/wp-json\/wp\/v2\/media\/24210"}],"wp:attachment":[{"href":"https:\/\/www.fanzword.com\/fr\/wp-json\/wp\/v2\/media?parent=24214"}],"wp:term":[{"taxonomy":"category","embeddable":true,"href":"https:\/\/www.fanzword.com\/fr\/wp-json\/wp\/v2\/categories?post=24214"},{"taxonomy":"post_tag","embeddable":true,"href":"https:\/\/www.fanzword.com\/fr\/wp-json\/wp\/v2\/tags?post=24214"}],"curies":[{"name":"wp","href":"https:\/\/api.w.org\/{rel}","templated":true}]}}