{"id":23824,"date":"2024-08-27T11:16:16","date_gmt":"2024-08-27T11:16:16","guid":{"rendered":"https:\/\/www.fanzword.com\/?p=23824"},"modified":"2024-08-27T11:16:16","modified_gmt":"2024-08-27T11:16:16","slug":"ronaldo-jai-decide-de-prendre-ma-retraite-de-ce-club","status":"publish","type":"post","link":"https:\/\/www.fanzword.com\/fr\/ronaldo-jai-decide-de-prendre-ma-retraite-de-ce-club\/","title":{"rendered":"Ronaldo : J&rsquo;ai d\u00e9cid\u00e9 de prendre ma retraite de ce club !"},"content":{"rendered":"<p>Cristiano Ronaldo ne cesse de poser des questions sur la date de sa retraite du football, et la question a \u00e9t\u00e9 r\u00e9p\u00e9t\u00e9e lors d&rsquo;une interview avec la cha\u00eene portugaise NOW.<\/p>\n<p>Ronaldo a r\u00e9pondu : \u00ab\u00a0Je ne sais pas quand je prendrai ma retraite, si ce sera bient\u00f4t ou apr\u00e8s deux ou trois ans.\u00a0\u00bb<\/p>\n<p>Il a \u00e9galement ajout\u00e9 : \u00ab\u00a0Il est probable que je prendrai ma retraite avec Al-Nassr. Je me sens heureux ici et je me trouve dans une bonne position et j&rsquo;ai un sentiment particulier, que ce soit dans ce pays ou dans la Ligue saoudienne en g\u00e9n\u00e9ral.\u00a0\u00bb<\/p>\n<p>Jusqu\u2019\u00e0 pr\u00e9sent, Ronaldo n\u2019a r\u00e9ussi \u00e0 remporter aucun titre officiel avec Al-Nassr et a comment\u00e9 \u00e0 ce sujet : \u00ab C\u2019est peut-\u00eatre la raison qui me fera continuer avec Al-Nasr et terminer ma carri\u00e8re ici. \u00bb<\/p>\n<p>Il a conclu : \u00ab\u00a0Je suis tr\u00e8s heureux de jouer en Arabie Saoudite et je veux continuer mon voyage ici et r\u00e9ussir.\u00a0\u00bb<\/p>\n<p>Le contrat de l&rsquo;homme de 39 ans avec Al-Nassr s&rsquo;\u00e9tend jusqu&rsquo;\u00e0 l&rsquo;\u00e9t\u00e9 2025, et des n\u00e9gociations sont en cours entre les deux parties pour prolonger le contrat d&rsquo;au moins un an.<\/p>\n<p>Ronaldo vise \u00e0 participer avec le Portugal \u00e0 la Coupe du monde 2026, apr\u00e8s quoi il pourrait d\u00e9cider de mettre fin \u00e0 sa carri\u00e8re de footballeur historique.<\/p>\n","protected":false},"excerpt":{"rendered":"<p>Cristiano Ronaldo ne cesse de poser des questions sur la date de sa retraite du football, et la question a \u00e9t\u00e9 r\u00e9p\u00e9t\u00e9e lors d&rsquo;une interview avec la cha\u00eene portugaise NOW. Ronaldo a r\u00e9pondu : \u00ab\u00a0Je ne sais pas quand je prendrai ma retraite, si ce sera bient\u00f4t ou apr\u00e8s deux ou trois ans.\u00a0\u00bb Il a [&hellip;]<\/p>\n","protected":false},"author":2,"featured_media":23820,"comment_status":"closed","ping_status":"closed","sticky":false,"template":"","format":"standard","meta":{"sfio_featured_image":false,"sfio_embed_code":"","footnotes":""},"categories":[224,248,223],"tags":[],"class_list":["post-23824","post","type-post","status-publish","format-standard","has-post-thumbnail","hentry","category-al-nassr-fr","category-cristiano-ronaldo-fr","category-saudi-pro-league-fr"],"_links":{"self":[{"href":"https:\/\/www.fanzword.com\/fr\/wp-json\/wp\/v2\/posts\/23824","targetHints":{"allow":["GET"]}}],"collection":[{"href":"https:\/\/www.fanzword.com\/fr\/wp-json\/wp\/v2\/posts"}],"about":[{"href":"https:\/\/www.fanzword.com\/fr\/wp-json\/wp\/v2\/types\/post"}],"author":[{"embeddable":true,"href":"https:\/\/www.fanzword.com\/fr\/wp-json\/wp\/v2\/users\/2"}],"replies":[{"embeddable":true,"href":"https:\/\/www.fanzword.com\/fr\/wp-json\/wp\/v2\/comments?post=23824"}],"version-history":[{"count":1,"href":"https:\/\/www.fanzword.com\/fr\/wp-json\/wp\/v2\/posts\/23824\/revisions"}],"predecessor-version":[{"id":23825,"href":"https:\/\/www.fanzword.com\/fr\/wp-json\/wp\/v2\/posts\/23824\/revisions\/23825"}],"wp:featuredmedia":[{"embeddable":true,"href":"https:\/\/www.fanzword.com\/fr\/wp-json\/wp\/v2\/media\/23820"}],"wp:attachment":[{"href":"https:\/\/www.fanzword.com\/fr\/wp-json\/wp\/v2\/media?parent=23824"}],"wp:term":[{"taxonomy":"category","embeddable":true,"href":"https:\/\/www.fanzword.com\/fr\/wp-json\/wp\/v2\/categories?post=23824"},{"taxonomy":"post_tag","embeddable":true,"href":"https:\/\/www.fanzword.com\/fr\/wp-json\/wp\/v2\/tags?post=23824"}],"curies":[{"name":"wp","href":"https:\/\/api.w.org\/{rel}","templated":true}]}}