{"id":21953,"date":"2024-08-07T10:43:04","date_gmt":"2024-08-07T10:43:04","guid":{"rendered":"https:\/\/www.fanzword.com\/?p=21953"},"modified":"2024-08-07T10:43:04","modified_gmt":"2024-08-07T10:43:04","slug":"quand-olmo-jouera-t-il-son-premier-match-avec-barcelone","status":"publish","type":"post","link":"https:\/\/www.fanzword.com\/fr\/quand-olmo-jouera-t-il-son-premier-match-avec-barcelone\/","title":{"rendered":"Quand Olmo jouera-t-il son premier match avec Barcelone ?"},"content":{"rendered":"<p>Selon le journal \u00ab\u00a0Mundo Deportivo\u00a0\u00bb, Dani Olmo jouera tr\u00e8s bient\u00f4t son premier match sous les couleurs de Barcelone.<\/p>\n<p>Le club catalan a finalis\u00e9 le transfert d&rsquo;Olmo apr\u00e8s avoir trouv\u00e9 un accord avec Leipzig pour acheter le joueur pour 55 millions d&rsquo;euros.<\/p>\n<p>Le journal catalan confirme qu&rsquo;il ne s&rsquo;agit que d&rsquo;une question de temps avant que l&rsquo;accord ne soit officiellement annonc\u00e9, et que les pieds d&rsquo;Olmo ont d\u00e9j\u00e0 pos\u00e9 le pied dans la ville de Barcelone ces derni\u00e8res heures.<\/p>\n<p>Sur cette base, on s&rsquo;attend \u00e0 ce qu&rsquo;Olmo participe pour la premi\u00e8re fois avec le Bar\u00e7a lundi prochain contre Monaco lors du match amical de la Joan Gamper Cup.<\/p>\n<p>Le joueur espagnol aura sa premi\u00e8re s\u00e9ance d&rsquo;entra\u00eenement avec Barcelone samedi lorsque l&rsquo;\u00e9quipe de Hansi Flick reviendra de sa tourn\u00e9e am\u00e9ricaine.<\/p>\n<p>On s&rsquo;attend \u00e9galement \u00e0 ce que la direction du Bar\u00e7a r\u00e9ussisse \u00e0 enregistrer Olmo sans aucune crise, et qu&rsquo;il puisse ainsi participer contre Valence le 17 ao\u00fbt pour l&rsquo;ouverture de la Liga.<\/p>\n","protected":false},"excerpt":{"rendered":"<p>Selon le journal \u00ab\u00a0Mundo Deportivo\u00a0\u00bb, Dani Olmo jouera tr\u00e8s bient\u00f4t son premier match sous les couleurs de Barcelone. Le club catalan a finalis\u00e9 le transfert d&rsquo;Olmo apr\u00e8s avoir trouv\u00e9 un accord avec Leipzig pour acheter le joueur pour 55 millions d&rsquo;euros. Le journal catalan confirme qu&rsquo;il ne s&rsquo;agit que d&rsquo;une question de temps avant que [&hellip;]<\/p>\n","protected":false},"author":2,"featured_media":21949,"comment_status":"closed","ping_status":"closed","sticky":false,"template":"","format":"standard","meta":{"sfio_featured_image":false,"sfio_embed_code":"","footnotes":""},"categories":[221,220],"tags":[],"class_list":["post-21953","post","type-post","status-publish","format-standard","has-post-thumbnail","hentry","category-barcelona-fr","category-la-liga-fr"],"_links":{"self":[{"href":"https:\/\/www.fanzword.com\/fr\/wp-json\/wp\/v2\/posts\/21953","targetHints":{"allow":["GET"]}}],"collection":[{"href":"https:\/\/www.fanzword.com\/fr\/wp-json\/wp\/v2\/posts"}],"about":[{"href":"https:\/\/www.fanzword.com\/fr\/wp-json\/wp\/v2\/types\/post"}],"author":[{"embeddable":true,"href":"https:\/\/www.fanzword.com\/fr\/wp-json\/wp\/v2\/users\/2"}],"replies":[{"embeddable":true,"href":"https:\/\/www.fanzword.com\/fr\/wp-json\/wp\/v2\/comments?post=21953"}],"version-history":[{"count":1,"href":"https:\/\/www.fanzword.com\/fr\/wp-json\/wp\/v2\/posts\/21953\/revisions"}],"predecessor-version":[{"id":21954,"href":"https:\/\/www.fanzword.com\/fr\/wp-json\/wp\/v2\/posts\/21953\/revisions\/21954"}],"wp:featuredmedia":[{"embeddable":true,"href":"https:\/\/www.fanzword.com\/fr\/wp-json\/wp\/v2\/media\/21949"}],"wp:attachment":[{"href":"https:\/\/www.fanzword.com\/fr\/wp-json\/wp\/v2\/media?parent=21953"}],"wp:term":[{"taxonomy":"category","embeddable":true,"href":"https:\/\/www.fanzword.com\/fr\/wp-json\/wp\/v2\/categories?post=21953"},{"taxonomy":"post_tag","embeddable":true,"href":"https:\/\/www.fanzword.com\/fr\/wp-json\/wp\/v2\/tags?post=21953"}],"curies":[{"name":"wp","href":"https:\/\/api.w.org\/{rel}","templated":true}]}}