{"id":19168,"date":"2024-07-12T16:32:18","date_gmt":"2024-07-12T16:32:18","guid":{"rendered":"https:\/\/www.fanzword.com\/?p=19168"},"modified":"2024-07-12T16:32:18","modified_gmt":"2024-07-12T16:32:18","slug":"une-surprise-agreable-et-inattendue-a-lentrainement-de-barcelone","status":"publish","type":"post","link":"https:\/\/www.fanzword.com\/fr\/une-surprise-agreable-et-inattendue-a-lentrainement-de-barcelone\/","title":{"rendered":"Une surprise agr\u00e9able et inattendue \u00e0 l&rsquo;entra\u00eenement de Barcelone !"},"content":{"rendered":"<p>La star barcelonaise, Jules Kound\u00e9, est apparue vendredi \u00e0 l&rsquo;entra\u00eenement du club catalan, 3 jours seulement apr\u00e8s la fin de sa participation avec l&rsquo;\u00e9quipe de France \u00e0 l&rsquo;Euro 2024.<\/p>\n<p>Kound\u00e9 est cens\u00e9 b\u00e9n\u00e9ficier d&rsquo;au moins trois semaines de repos, comme le reste des joueurs, mais il semble que le Fran\u00e7ais ne veuille pas ou ne se soucie pas de cette question pour le moment.<\/p>\n<p>Selon le journal \u00ab\u00a0Mundo Deportivo\u00a0\u00bb, Kound\u00e9 \u00e9tait pr\u00e9sent vendredi \u00e0 l&rsquo;entra\u00eenement du bataillon de Hansi Flick et a surpris tout le monde sans exception.<\/p>\n<p>On ignore si ce retour est exceptionnel et si le joueur se reposera \u00e0 partir de demain, ou s&rsquo;il a d\u00e9cid\u00e9 de participer \u00e0 l&rsquo;entra\u00eenement et \u00e0 la p\u00e9riode de pr\u00e9paration avant sa date suppos\u00e9e de retour, qui sera en ao\u00fbt prochain.<\/p>\n<p>Il est logique que Flick demande \u00e0 son joueur de se reposer, d&rsquo;autant plus que la saison prochaine verra un grand nombre de matches avec Barcelone participant \u00e0 4 comp\u00e9titions, mais c&rsquo;est \u00e0 Kound\u00e9 de d\u00e9cider de son sort.<\/p>\n<p>Beaucoup ont consid\u00e9r\u00e9 le retour anticip\u00e9 de Kound\u00e9 comme une confirmation de la direction de Barcelone sur sa concentration sur le club catalan et qu&rsquo;il n&rsquo;a pas l&rsquo;intention de partir lors du mercato d&rsquo;\u00e9t\u00e9, quelles que soient les offres disponibles.<\/p>\n","protected":false},"excerpt":{"rendered":"<p>La star barcelonaise, Jules Kound\u00e9, est apparue vendredi \u00e0 l&rsquo;entra\u00eenement du club catalan, 3 jours seulement apr\u00e8s la fin de sa participation avec l&rsquo;\u00e9quipe de France \u00e0 l&rsquo;Euro 2024. Kound\u00e9 est cens\u00e9 b\u00e9n\u00e9ficier d&rsquo;au moins trois semaines de repos, comme le reste des joueurs, mais il semble que le Fran\u00e7ais ne veuille pas ou ne [&hellip;]<\/p>\n","protected":false},"author":2,"featured_media":19164,"comment_status":"closed","ping_status":"closed","sticky":false,"template":"","format":"standard","meta":{"sfio_featured_image":false,"sfio_embed_code":"","footnotes":""},"categories":[221,220],"tags":[],"class_list":["post-19168","post","type-post","status-publish","format-standard","has-post-thumbnail","hentry","category-barcelona-fr","category-la-liga-fr"],"_links":{"self":[{"href":"https:\/\/www.fanzword.com\/fr\/wp-json\/wp\/v2\/posts\/19168","targetHints":{"allow":["GET"]}}],"collection":[{"href":"https:\/\/www.fanzword.com\/fr\/wp-json\/wp\/v2\/posts"}],"about":[{"href":"https:\/\/www.fanzword.com\/fr\/wp-json\/wp\/v2\/types\/post"}],"author":[{"embeddable":true,"href":"https:\/\/www.fanzword.com\/fr\/wp-json\/wp\/v2\/users\/2"}],"replies":[{"embeddable":true,"href":"https:\/\/www.fanzword.com\/fr\/wp-json\/wp\/v2\/comments?post=19168"}],"version-history":[{"count":1,"href":"https:\/\/www.fanzword.com\/fr\/wp-json\/wp\/v2\/posts\/19168\/revisions"}],"predecessor-version":[{"id":19169,"href":"https:\/\/www.fanzword.com\/fr\/wp-json\/wp\/v2\/posts\/19168\/revisions\/19169"}],"wp:featuredmedia":[{"embeddable":true,"href":"https:\/\/www.fanzword.com\/fr\/wp-json\/wp\/v2\/media\/19164"}],"wp:attachment":[{"href":"https:\/\/www.fanzword.com\/fr\/wp-json\/wp\/v2\/media?parent=19168"}],"wp:term":[{"taxonomy":"category","embeddable":true,"href":"https:\/\/www.fanzword.com\/fr\/wp-json\/wp\/v2\/categories?post=19168"},{"taxonomy":"post_tag","embeddable":true,"href":"https:\/\/www.fanzword.com\/fr\/wp-json\/wp\/v2\/tags?post=19168"}],"curies":[{"name":"wp","href":"https:\/\/api.w.org\/{rel}","templated":true}]}}