{"id":18663,"date":"2024-07-09T10:17:09","date_gmt":"2024-07-09T10:17:09","guid":{"rendered":"https:\/\/www.fanzword.com\/?p=18663"},"modified":"2024-07-09T10:17:09","modified_gmt":"2024-07-09T10:17:09","slug":"florentino-perez-va-t-il-quitter-la-presidence-du-real-madrid","status":"publish","type":"post","link":"https:\/\/www.fanzword.com\/fr\/florentino-perez-va-t-il-quitter-la-presidence-du-real-madrid\/","title":{"rendered":"Florentino P\u00e9rez va-t-il quitter la pr\u00e9sidence du Real Madrid ?"},"content":{"rendered":"<p>Le mandat de Florentino P\u00e9rez \u00e0 la pr\u00e9sidence du Real Madrid se termine en 2025, et certaines rumeurs ont commenc\u00e9 \u00e0 circuler sur son intention de ne pas se pr\u00e9senter \u00e0 nouveau \u00e0 la pr\u00e9sidence du Royal Club.<\/p>\n<p>P\u00e9rez a assum\u00e9 la pr\u00e9sidence du Real Madrid pendant deux mandats, le premier de 2000 \u00e0 2006, puis il est revenu en 2009 jusqu&rsquo;\u00e0 aujourd&rsquo;hui, et les deux mandats ont \u00e9t\u00e9 t\u00e9moins d&rsquo;un succ\u00e8s sans pr\u00e9c\u00e9dent pour les Merengue \u00e0 tous les niveaux.<\/p>\n<p>Ag\u00e9 de 77 ans et souffrant de certaines maladies, on a dit que P\u00e9rez pourrait \u00eatre satisfait de ses exploits qui ne se r\u00e9p\u00e9teront pas et qu&rsquo;il quittera le Real Madrid aux prochaines \u00e9lections.<\/p>\n<p>Mais le r\u00e9seau \u00ab\u00a0Relevo\u00a0\u00bb a ni\u00e9 l&rsquo;affaire et a confirm\u00e9 que P\u00e9rez avait l&rsquo;intention de rester pr\u00e9sident du Real Madrid et qu&rsquo;il se pr\u00e9senterait aux prochaines \u00e9lections, au cours desquelles il ne devrait pas avoir de rival pour la quatri\u00e8me fois cons\u00e9cutive.<\/p>\n<p>Malgr\u00e9 son \u00e2ge avanc\u00e9, P\u00e9rez a de nombreux r\u00eaves qu&rsquo;il souhaite r\u00e9aliser avec le Real Madrid, notamment celui de d\u00e9buter la Super League europ\u00e9enne.<\/p>\n<p>P\u00e9rez est motiv\u00e9 \u00e0 continuer avec le Real Madrid pour voir le succ\u00e8s du stade Santiago Bernabeu en accueillant tous les \u00e9v\u00e9nements et en gagnant des millions, en plus du m\u00eame stade qui a accueilli la finale de la Coupe du monde 2026.<\/p>\n<p>Il convient de noter que P\u00e9rez est le pr\u00e9sident le plus titr\u00e9 de l&rsquo;histoire du Real Madrid, puisqu&rsquo;il a remport\u00e9 34 championnats diff\u00e9rents au cours de ses deux mandats en tant que pr\u00e9sident des Merengue.<\/p>\n","protected":false},"excerpt":{"rendered":"<p>Le mandat de Florentino P\u00e9rez \u00e0 la pr\u00e9sidence du Real Madrid se termine en 2025, et certaines rumeurs ont commenc\u00e9 \u00e0 circuler sur son intention de ne pas se pr\u00e9senter \u00e0 nouveau \u00e0 la pr\u00e9sidence du Royal Club. P\u00e9rez a assum\u00e9 la pr\u00e9sidence du Real Madrid pendant deux mandats, le premier de 2000 \u00e0 2006, [&hellip;]<\/p>\n","protected":false},"author":2,"featured_media":18659,"comment_status":"closed","ping_status":"closed","sticky":false,"template":"","format":"standard","meta":{"sfio_featured_image":false,"sfio_embed_code":"","footnotes":""},"categories":[220,222],"tags":[],"class_list":["post-18663","post","type-post","status-publish","format-standard","has-post-thumbnail","hentry","category-la-liga-fr","category-real-madrid-fr"],"_links":{"self":[{"href":"https:\/\/www.fanzword.com\/fr\/wp-json\/wp\/v2\/posts\/18663","targetHints":{"allow":["GET"]}}],"collection":[{"href":"https:\/\/www.fanzword.com\/fr\/wp-json\/wp\/v2\/posts"}],"about":[{"href":"https:\/\/www.fanzword.com\/fr\/wp-json\/wp\/v2\/types\/post"}],"author":[{"embeddable":true,"href":"https:\/\/www.fanzword.com\/fr\/wp-json\/wp\/v2\/users\/2"}],"replies":[{"embeddable":true,"href":"https:\/\/www.fanzword.com\/fr\/wp-json\/wp\/v2\/comments?post=18663"}],"version-history":[{"count":1,"href":"https:\/\/www.fanzword.com\/fr\/wp-json\/wp\/v2\/posts\/18663\/revisions"}],"predecessor-version":[{"id":18664,"href":"https:\/\/www.fanzword.com\/fr\/wp-json\/wp\/v2\/posts\/18663\/revisions\/18664"}],"wp:featuredmedia":[{"embeddable":true,"href":"https:\/\/www.fanzword.com\/fr\/wp-json\/wp\/v2\/media\/18659"}],"wp:attachment":[{"href":"https:\/\/www.fanzword.com\/fr\/wp-json\/wp\/v2\/media?parent=18663"}],"wp:term":[{"taxonomy":"category","embeddable":true,"href":"https:\/\/www.fanzword.com\/fr\/wp-json\/wp\/v2\/categories?post=18663"},{"taxonomy":"post_tag","embeddable":true,"href":"https:\/\/www.fanzword.com\/fr\/wp-json\/wp\/v2\/tags?post=18663"}],"curies":[{"name":"wp","href":"https:\/\/api.w.org\/{rel}","templated":true}]}}