{"id":18301,"date":"2024-07-05T17:03:34","date_gmt":"2024-07-05T17:03:34","guid":{"rendered":"https:\/\/www.fanzword.com\/?p=18301"},"modified":"2024-07-05T18:41:31","modified_gmt":"2024-07-05T18:41:31","slug":"revelant-la-nature-de-la-violente-blessure-de-pedri","status":"publish","type":"post","link":"https:\/\/www.fanzword.com\/fr\/revelant-la-nature-de-la-violente-blessure-de-pedri\/","title":{"rendered":"R\u00e9v\u00e9lant la nature de la violente blessure de Pedri"},"content":{"rendered":"<p>La participation de Pedri Gonzalez avec l&rsquo;\u00e9quipe nationale d&rsquo;Espagne \u00e0 l&rsquo;Euro 2024 a pris fin apr\u00e8s l&rsquo;intervention violente de Toni Kroos \u00e0 son encontre lors du match de la Roja contre l&rsquo;Allemagne en quarts de finale.<\/p>\n<p>Pedri n&rsquo;a jou\u00e9 que 8 minutes contre l&rsquo;Allemagne, avant de subir une intervention tr\u00e8s violente de Kroos, \u00e0 la suite de laquelle il est tomb\u00e9 et s&rsquo;est bless\u00e9 au genou et a quitt\u00e9 le terrain pour \u00eatre remplac\u00e9 par Dani Olmo.<\/p>\n<p>Selon les m\u00e9dias espagnols, Pedri souffre d&rsquo;une entorse lat\u00e9rale interne au genou gauche, \u00e0 cause de laquelle il ne pourra plus rejouer avec l&rsquo;Espagne \u00e0 l&rsquo;Euro.<\/p>\n<p>La p\u00e9riode d&rsquo;absence de Pedri sur le terrain variera d&rsquo;une semaine \u00e0 un mois et d\u00e9pendra de la gravit\u00e9 de la blessure, qui deviendra claire apr\u00e8s avoir subi des examens plus pr\u00e9cis dans les prochaines heures.<\/p>\n<p>Cela signifie que Pedri, dans le pire des cas, tardera \u00e0 rejoindre la pr\u00e9-saison de Barcelone pour la nouvelle saison, et il ne risque de rater le premier tour de la Liga que s&rsquo;il est nouveau.<\/p>\n<p>Il reste \u00e0 noter qu&rsquo;il s&rsquo;agit de la dixi\u00e8me blessure de Pedri au cours des 3 derni\u00e8res ann\u00e9es, dont 8 musculaires, et qu&rsquo;il avait d\u00e9j\u00e0 manqu\u00e9 85 matches \u00e0 cause de toutes ces blessures.<\/p>\n<p>L&rsquo;Espagne a gagn\u00e9 2-1 contre l&rsquo;Allemagne, se qualifiant ainsi pour les demi-finales, et la carri\u00e8re de footballeur de Kroos a \u00e9galement pris fin.<\/p>\n","protected":false},"excerpt":{"rendered":"<p>La participation de Pedri Gonzalez avec l&rsquo;\u00e9quipe nationale d&rsquo;Espagne \u00e0 l&rsquo;Euro 2024 a pris fin apr\u00e8s l&rsquo;intervention violente de Toni Kroos \u00e0 son encontre lors du match de la Roja contre l&rsquo;Allemagne en quarts de finale. Pedri n&rsquo;a jou\u00e9 que 8 minutes contre l&rsquo;Allemagne, avant de subir une intervention tr\u00e8s violente de Kroos, \u00e0 la [&hellip;]<\/p>\n","protected":false},"author":2,"featured_media":18297,"comment_status":"closed","ping_status":"closed","sticky":false,"template":"","format":"standard","meta":{"sfio_featured_image":false,"sfio_embed_code":"","footnotes":""},"categories":[221,220],"tags":[],"class_list":["post-18301","post","type-post","status-publish","format-standard","has-post-thumbnail","hentry","category-barcelona-fr","category-la-liga-fr"],"_links":{"self":[{"href":"https:\/\/www.fanzword.com\/fr\/wp-json\/wp\/v2\/posts\/18301","targetHints":{"allow":["GET"]}}],"collection":[{"href":"https:\/\/www.fanzword.com\/fr\/wp-json\/wp\/v2\/posts"}],"about":[{"href":"https:\/\/www.fanzword.com\/fr\/wp-json\/wp\/v2\/types\/post"}],"author":[{"embeddable":true,"href":"https:\/\/www.fanzword.com\/fr\/wp-json\/wp\/v2\/users\/2"}],"replies":[{"embeddable":true,"href":"https:\/\/www.fanzword.com\/fr\/wp-json\/wp\/v2\/comments?post=18301"}],"version-history":[{"count":2,"href":"https:\/\/www.fanzword.com\/fr\/wp-json\/wp\/v2\/posts\/18301\/revisions"}],"predecessor-version":[{"id":18305,"href":"https:\/\/www.fanzword.com\/fr\/wp-json\/wp\/v2\/posts\/18301\/revisions\/18305"}],"wp:featuredmedia":[{"embeddable":true,"href":"https:\/\/www.fanzword.com\/fr\/wp-json\/wp\/v2\/media\/18297"}],"wp:attachment":[{"href":"https:\/\/www.fanzword.com\/fr\/wp-json\/wp\/v2\/media?parent=18301"}],"wp:term":[{"taxonomy":"category","embeddable":true,"href":"https:\/\/www.fanzword.com\/fr\/wp-json\/wp\/v2\/categories?post=18301"},{"taxonomy":"post_tag","embeddable":true,"href":"https:\/\/www.fanzword.com\/fr\/wp-json\/wp\/v2\/tags?post=18301"}],"curies":[{"name":"wp","href":"https:\/\/api.w.org\/{rel}","templated":true}]}}