{"id":18146,"date":"2024-07-03T11:15:21","date_gmt":"2024-07-03T11:15:21","guid":{"rendered":"https:\/\/www.fanzword.com\/?p=18146"},"modified":"2024-07-03T11:15:21","modified_gmt":"2024-07-03T11:15:21","slug":"surprise-barcelone-revient-sur-sa-decision-precedente-et-informe-sa-star-de-continuer","status":"publish","type":"post","link":"https:\/\/www.fanzword.com\/fr\/surprise-barcelone-revient-sur-sa-decision-precedente-et-informe-sa-star-de-continuer\/","title":{"rendered":"Surprise : Barcelone revient sur sa d\u00e9cision pr\u00e9c\u00e9dente et informe sa star de continuer !"},"content":{"rendered":"<p>Le journal \u00ab\u00a0Mundo Deportivo\u00a0\u00bb a rapport\u00e9 que l&rsquo;administration de Barcelone a inform\u00e9 Ansu Fati qu&rsquo;il faisait partie des plans de l&rsquo;\u00e9quipe pour la saison prochaine et qu&rsquo;il ne partirait pas pendant le mercato d&rsquo;\u00e9t\u00e9 en cours.<\/p>\n<p>Cette nouvelle intervient apr\u00e8s de nombreux autres rapports selon lesquels le Bar\u00e7a essaie de trouver une issue pour Fati et qu&rsquo;il est en dehors des comptes de l&rsquo;entra\u00eeneur Hansi Flick.<\/p>\n<p>Mais selon le journal proche de Barcelone, une r\u00e9union a eu lieu entre le directeur sportif Deco et Fati, au cours de laquelle le Portugais a inform\u00e9 le joueur que Flick compterait sur lui la saison prochaine.<\/p>\n<p>Deco a \u00e9t\u00e9 clair avec le jeune joueur espagnol que la cl\u00e9 pour continuer \u00e0 Barcelone est de travailler de toutes ses forces car la concurrence \u00e0 son poste sera intense.<\/p>\n<p>Deco a assur\u00e9 \u00e0 Fati qu&rsquo;il y avait une grande confiance en ses capacit\u00e9s et qu&rsquo;il devait travailler davantage avec les pr\u00e9parateurs physiques du Bar\u00e7a pour retrouver la meilleure version de celui qui \u00e9tait absent depuis sa grave blessure il y a deux ans.<\/p>\n<p>Il est pr\u00e9vu au sein du club catalan que Fati participe \u00e0 la p\u00e9riode de pr\u00e9-saison et \u00e0 la tourn\u00e9e aux \u00c9tats-Unis. Pendant cette p\u00e9riode, le Bar\u00e7a poursuivra ses efforts pour recruter un nouvel ailier gauche, mais donnera \u00e0 Fati l&rsquo;opportunit\u00e9 de se montrer. sa qualit\u00e9.<\/p>\n<p>Fati avait inform\u00e9 son agent, Jorge Mendes, de ne pas \u00e9couter les offres qu&rsquo;il recevait, soulignant son d\u00e9sir de continuer et de concourir \u00e0 Barcelone, m\u00eame si les choses \u00e9taient difficiles.<\/p>\n<p>Maintenant, Fati a l&rsquo;opportunit\u00e9 de montrer ses capacit\u00e9s, car il a la confiance de Hansi Flick et du club, et Barcelone ne pense qu&rsquo;\u00e0 profiter de lui et que le joueur retrouve son incroyable niveau lors de ses d\u00e9buts.<\/p>\n<p>Il est \u00e0 noter que Fati a pass\u00e9 la saison derni\u00e8re en pr\u00eat \u00e0 Brighton, mais il a subi une blessure au milieu de la saison qui lui a fait manquer la majorit\u00e9 des matches du club anglais.<\/p>\n","protected":false},"excerpt":{"rendered":"<p>Le journal \u00ab\u00a0Mundo Deportivo\u00a0\u00bb a rapport\u00e9 que l&rsquo;administration de Barcelone a inform\u00e9 Ansu Fati qu&rsquo;il faisait partie des plans de l&rsquo;\u00e9quipe pour la saison prochaine et qu&rsquo;il ne partirait pas pendant le mercato d&rsquo;\u00e9t\u00e9 en cours. Cette nouvelle intervient apr\u00e8s de nombreux autres rapports selon lesquels le Bar\u00e7a essaie de trouver une issue pour Fati [&hellip;]<\/p>\n","protected":false},"author":2,"featured_media":18141,"comment_status":"closed","ping_status":"closed","sticky":false,"template":"","format":"standard","meta":{"sfio_featured_image":false,"sfio_embed_code":"","footnotes":""},"categories":[221,220],"tags":[],"class_list":["post-18146","post","type-post","status-publish","format-standard","has-post-thumbnail","hentry","category-barcelona-fr","category-la-liga-fr"],"_links":{"self":[{"href":"https:\/\/www.fanzword.com\/fr\/wp-json\/wp\/v2\/posts\/18146","targetHints":{"allow":["GET"]}}],"collection":[{"href":"https:\/\/www.fanzword.com\/fr\/wp-json\/wp\/v2\/posts"}],"about":[{"href":"https:\/\/www.fanzword.com\/fr\/wp-json\/wp\/v2\/types\/post"}],"author":[{"embeddable":true,"href":"https:\/\/www.fanzword.com\/fr\/wp-json\/wp\/v2\/users\/2"}],"replies":[{"embeddable":true,"href":"https:\/\/www.fanzword.com\/fr\/wp-json\/wp\/v2\/comments?post=18146"}],"version-history":[{"count":1,"href":"https:\/\/www.fanzword.com\/fr\/wp-json\/wp\/v2\/posts\/18146\/revisions"}],"predecessor-version":[{"id":18147,"href":"https:\/\/www.fanzword.com\/fr\/wp-json\/wp\/v2\/posts\/18146\/revisions\/18147"}],"wp:featuredmedia":[{"embeddable":true,"href":"https:\/\/www.fanzword.com\/fr\/wp-json\/wp\/v2\/media\/18141"}],"wp:attachment":[{"href":"https:\/\/www.fanzword.com\/fr\/wp-json\/wp\/v2\/media?parent=18146"}],"wp:term":[{"taxonomy":"category","embeddable":true,"href":"https:\/\/www.fanzword.com\/fr\/wp-json\/wp\/v2\/categories?post=18146"},{"taxonomy":"post_tag","embeddable":true,"href":"https:\/\/www.fanzword.com\/fr\/wp-json\/wp\/v2\/tags?post=18146"}],"curies":[{"name":"wp","href":"https:\/\/api.w.org\/{rel}","templated":true}]}}