{"id":16381,"date":"2024-06-11T13:05:16","date_gmt":"2024-06-11T13:05:16","guid":{"rendered":"https:\/\/www.fanzword.com\/?p=16381"},"modified":"2024-06-11T13:05:16","modified_gmt":"2024-06-11T13:05:16","slug":"divulgation-de-la-blessure-de-lewandowski-et-possibilite-de-participer-a-leuro-2024","status":"publish","type":"post","link":"https:\/\/www.fanzword.com\/fr\/divulgation-de-la-blessure-de-lewandowski-et-possibilite-de-participer-a-leuro-2024\/","title":{"rendered":"Divulgation de la blessure de Lewandowski et possibilit\u00e9 de participer \u00e0 l&rsquo;Euro 2024"},"content":{"rendered":"<p>Robert Lewandowski a \u00e9t\u00e9 gri\u00e8vement bless\u00e9 lundi lors de sa participation au match amical entre la Pologne et la Turquie, une demi-heure seulement apr\u00e8s son d\u00e9but.<\/p>\n<p>Comme l&rsquo;ont r\u00e9v\u00e9l\u00e9 les m\u00e9dias espagnols, Lewandowski a subi une d\u00e9chirure au niveau du muscle biceps f\u00e9moral.<\/p>\n<p>En raison de cette blessure, le joueur de 36 ans ne pourra pas participer au premier match de la Pologne \u00e0 l&rsquo;Euro 2024 contre les Pays-Bas dimanche prochain.<\/p>\n<p>Lewandowski devrait \u00eatre pr\u00eat \u00e0 participer dans quelques minutes au deuxi\u00e8me match de la phase de groupes contre l&rsquo;Autriche, m\u00eame s&rsquo;il y a \u00e9galement des doutes \u00e0 ce sujet.<\/p>\n<p>Ce qui est s\u00fbr, c&rsquo;est que la star barcelonaise sera compl\u00e8tement r\u00e9tablie avant le troisi\u00e8me match de groupe, qui se jouera contre l&rsquo;\u00e9quipe de France le 25 juin.<\/p>\n<p>Lewandowski repr\u00e9sente la force de frappe de l&rsquo;\u00e9quipe nationale polonaise, et rien n&rsquo;est plus \u00e9vident qu&rsquo;il est le meilleur buteur de tous les temps pour son pays, ayant marqu\u00e9 82 buts en 150 matches tous tournois confondus.<\/p>\n<p>Il convient de noter que la Pologne n&rsquo;a pas r\u00e9ussi \u00e0 passer la phase de groupes lors de ses 3 derni\u00e8res participations \u00e0 la Coupe d&rsquo;Europe des Nations.<\/p>\n","protected":false},"excerpt":{"rendered":"<p>Robert Lewandowski a \u00e9t\u00e9 gri\u00e8vement bless\u00e9 lundi lors de sa participation au match amical entre la Pologne et la Turquie, une demi-heure seulement apr\u00e8s son d\u00e9but. Comme l&rsquo;ont r\u00e9v\u00e9l\u00e9 les m\u00e9dias espagnols, Lewandowski a subi une d\u00e9chirure au niveau du muscle biceps f\u00e9moral. En raison de cette blessure, le joueur de 36 ans ne pourra [&hellip;]<\/p>\n","protected":false},"author":2,"featured_media":16377,"comment_status":"closed","ping_status":"closed","sticky":false,"template":"","format":"standard","meta":{"sfio_featured_image":false,"sfio_embed_code":"","footnotes":""},"categories":[221,220],"tags":[],"class_list":["post-16381","post","type-post","status-publish","format-standard","has-post-thumbnail","hentry","category-barcelona-fr","category-la-liga-fr"],"_links":{"self":[{"href":"https:\/\/www.fanzword.com\/fr\/wp-json\/wp\/v2\/posts\/16381","targetHints":{"allow":["GET"]}}],"collection":[{"href":"https:\/\/www.fanzword.com\/fr\/wp-json\/wp\/v2\/posts"}],"about":[{"href":"https:\/\/www.fanzword.com\/fr\/wp-json\/wp\/v2\/types\/post"}],"author":[{"embeddable":true,"href":"https:\/\/www.fanzword.com\/fr\/wp-json\/wp\/v2\/users\/2"}],"replies":[{"embeddable":true,"href":"https:\/\/www.fanzword.com\/fr\/wp-json\/wp\/v2\/comments?post=16381"}],"version-history":[{"count":1,"href":"https:\/\/www.fanzword.com\/fr\/wp-json\/wp\/v2\/posts\/16381\/revisions"}],"predecessor-version":[{"id":16382,"href":"https:\/\/www.fanzword.com\/fr\/wp-json\/wp\/v2\/posts\/16381\/revisions\/16382"}],"wp:featuredmedia":[{"embeddable":true,"href":"https:\/\/www.fanzword.com\/fr\/wp-json\/wp\/v2\/media\/16377"}],"wp:attachment":[{"href":"https:\/\/www.fanzword.com\/fr\/wp-json\/wp\/v2\/media?parent=16381"}],"wp:term":[{"taxonomy":"category","embeddable":true,"href":"https:\/\/www.fanzword.com\/fr\/wp-json\/wp\/v2\/categories?post=16381"},{"taxonomy":"post_tag","embeddable":true,"href":"https:\/\/www.fanzword.com\/fr\/wp-json\/wp\/v2\/tags?post=16381"}],"curies":[{"name":"wp","href":"https:\/\/api.w.org\/{rel}","templated":true}]}}