{"id":16353,"date":"2024-06-11T11:46:32","date_gmt":"2024-06-11T11:46:32","guid":{"rendered":"https:\/\/www.fanzword.com\/?p=16353"},"modified":"2024-06-11T11:46:32","modified_gmt":"2024-06-11T11:46:32","slug":"barcelone-prevoit-un-accord-majeur-et-prometteur-avec-la-bundesliga","status":"publish","type":"post","link":"https:\/\/www.fanzword.com\/fr\/barcelone-prevoit-un-accord-majeur-et-prometteur-avec-la-bundesliga\/","title":{"rendered":"Barcelone pr\u00e9voit un accord majeur et prometteur avec la Bundesliga"},"content":{"rendered":"<p>Les m\u00e9dias espagnols ont rapport\u00e9 que l&rsquo;administration de Barcelone envisageait de conclure deux accords avec la Ligue allemande l&rsquo;\u00e9t\u00e9 prochain sur la base du souhait de l&rsquo;entra\u00eeneur Hansi Flick.<\/p>\n<p>Le premier accord consistera \u00e0 recruter le prometteur milieu de terrain de Stuttgart, Angelo Stiller, m\u00eame si la crise \u00e9conomique constitue dans un premier temps un obstacle \u00e0 ce transfert.<\/p>\n<p>Le contrat de Stiller est encore prolong\u00e9 de 3 ans suppl\u00e9mentaires \u00e0 Stuttgart, sans clause p\u00e9nale, et sa valeur ne sera en aucun cas inf\u00e9rieure \u00e0 25 millions d&rsquo;euros.<\/p>\n<p>Quant \u00e0 l&rsquo;autre accord, il semble important par rapport \u00e0 ce que le joueur a pr\u00e9sent\u00e9 la saison derni\u00e8re, et il s&rsquo;agit ici de l&rsquo;arri\u00e8re droit du Bayer Leverkusen, Jeremy Frimpong.<\/p>\n<p>Selon ce qui a \u00e9t\u00e9 rapport\u00e9 par le journal \u00ab\u00a0Sport\u00a0\u00bb, Barcelone, en raison de la crise \u00e9conomique, envisage de faire de l&rsquo;accord de Frimpong un \u00e9change avec Leverkusen.<\/p>\n<p>\u00c0 cet \u00e9gard, le plan du Bar\u00e7a est d&rsquo;obtenir la signature du joueur n\u00e9erlandais en \u00e9change de l&rsquo;octroi au club allemand des services d&rsquo;Ansu Fati, dont le pr\u00eat \u00e0 Brighton a pris fin et qui est revenu \u00e0 nouveau aux Blaugrana.<\/p>\n<p>La seule crise \u00e0 cet \u00e9gard est que Fati est d\u00e9termin\u00e9 \u00e0 continuer \u00e0 Barcelone, alors que Leverkusen salue en principe cet \u00e9change, d\u2019autant plus que la sortie de Frimpong est imminente.<\/p>\n","protected":false},"excerpt":{"rendered":"<p>Les m\u00e9dias espagnols ont rapport\u00e9 que l&rsquo;administration de Barcelone envisageait de conclure deux accords avec la Ligue allemande l&rsquo;\u00e9t\u00e9 prochain sur la base du souhait de l&rsquo;entra\u00eeneur Hansi Flick. Le premier accord consistera \u00e0 recruter le prometteur milieu de terrain de Stuttgart, Angelo Stiller, m\u00eame si la crise \u00e9conomique constitue dans un premier temps un [&hellip;]<\/p>\n","protected":false},"author":2,"featured_media":16349,"comment_status":"closed","ping_status":"closed","sticky":false,"template":"","format":"standard","meta":{"sfio_featured_image":false,"sfio_embed_code":"","footnotes":""},"categories":[221,211,220,233],"tags":[],"class_list":["post-16353","post","type-post","status-publish","format-standard","has-post-thumbnail","hentry","category-barcelona-fr","category-bundesliga","category-la-liga-fr","category-transferts"],"_links":{"self":[{"href":"https:\/\/www.fanzword.com\/fr\/wp-json\/wp\/v2\/posts\/16353","targetHints":{"allow":["GET"]}}],"collection":[{"href":"https:\/\/www.fanzword.com\/fr\/wp-json\/wp\/v2\/posts"}],"about":[{"href":"https:\/\/www.fanzword.com\/fr\/wp-json\/wp\/v2\/types\/post"}],"author":[{"embeddable":true,"href":"https:\/\/www.fanzword.com\/fr\/wp-json\/wp\/v2\/users\/2"}],"replies":[{"embeddable":true,"href":"https:\/\/www.fanzword.com\/fr\/wp-json\/wp\/v2\/comments?post=16353"}],"version-history":[{"count":1,"href":"https:\/\/www.fanzword.com\/fr\/wp-json\/wp\/v2\/posts\/16353\/revisions"}],"predecessor-version":[{"id":16354,"href":"https:\/\/www.fanzword.com\/fr\/wp-json\/wp\/v2\/posts\/16353\/revisions\/16354"}],"wp:featuredmedia":[{"embeddable":true,"href":"https:\/\/www.fanzword.com\/fr\/wp-json\/wp\/v2\/media\/16349"}],"wp:attachment":[{"href":"https:\/\/www.fanzword.com\/fr\/wp-json\/wp\/v2\/media?parent=16353"}],"wp:term":[{"taxonomy":"category","embeddable":true,"href":"https:\/\/www.fanzword.com\/fr\/wp-json\/wp\/v2\/categories?post=16353"},{"taxonomy":"post_tag","embeddable":true,"href":"https:\/\/www.fanzword.com\/fr\/wp-json\/wp\/v2\/tags?post=16353"}],"curies":[{"name":"wp","href":"https:\/\/api.w.org\/{rel}","templated":true}]}}