{"id":16192,"date":"2024-06-09T12:15:44","date_gmt":"2024-06-09T12:15:44","guid":{"rendered":"https:\/\/www.fanzword.com\/?p=16192"},"modified":"2024-06-09T12:15:44","modified_gmt":"2024-06-09T12:15:44","slug":"annonce-de-la-date-de-debut-de-la-liga-et-publication-du-calendrier-des-matchs","status":"publish","type":"post","link":"https:\/\/www.fanzword.com\/fr\/annonce-de-la-date-de-debut-de-la-liga-et-publication-du-calendrier-des-matchs\/","title":{"rendered":"Annonce de la date de d\u00e9but de La Liga et publication du calendrier des matchs"},"content":{"rendered":"<p>Le pr\u00e9sident de la Liga, Javier Tebas, a annonc\u00e9 que la comp\u00e9tition de la Ligue espagnole 2024-2025 d\u00e9butera dans la seconde moiti\u00e9 du mois d&rsquo;ao\u00fbt prochain.<\/p>\n<p>Comme l&rsquo;a r\u00e9v\u00e9l\u00e9 Tebas, la date provisoire du match d&rsquo;ouverture de la Liga est le vendredi 16 ao\u00fbt.<\/p>\n<p>Tebas a ajout\u00e9 dans une interview \u00e0 la presse que le calendrier des matchs de la Liga pour la nouvelle saison sera enti\u00e8rement d\u00e9voil\u00e9 d&rsquo;ici 10 jours.<\/p>\n<p>Si la date fix\u00e9e par Tebas est confirm\u00e9e, le Real Madrid ne jouera probablement pas le match d&rsquo;ouverture, compte tenu de son lien avec le match de Supercoupe d&rsquo;Europe du 14 ao\u00fbt contre l&rsquo;Atalanta.<\/p>\n<p>Ainsi, il est fort probable que le premier match de Kylian Mbapp\u00e9 en Liga aura lieu le dimanche 18 ao\u00fbt, ou il pourrait \u00eatre report\u00e9 au lundi 19 ao\u00fbt.<\/p>\n<p>Le Real Madrid a remport\u00e9 le titre de la Liga la saison derni\u00e8re pour la trente-sixi\u00e8me fois de son histoire, tandis que Barcelone a termin\u00e9 \u00e0 la deuxi\u00e8me place.<\/p>\n","protected":false},"excerpt":{"rendered":"<p>Le pr\u00e9sident de la Liga, Javier Tebas, a annonc\u00e9 que la comp\u00e9tition de la Ligue espagnole 2024-2025 d\u00e9butera dans la seconde moiti\u00e9 du mois d&rsquo;ao\u00fbt prochain. Comme l&rsquo;a r\u00e9v\u00e9l\u00e9 Tebas, la date provisoire du match d&rsquo;ouverture de la Liga est le vendredi 16 ao\u00fbt. Tebas a ajout\u00e9 dans une interview \u00e0 la presse que le [&hellip;]<\/p>\n","protected":false},"author":2,"featured_media":16188,"comment_status":"closed","ping_status":"closed","sticky":false,"template":"","format":"standard","meta":{"sfio_featured_image":false,"sfio_embed_code":"","footnotes":""},"categories":[221,220,222],"tags":[],"class_list":["post-16192","post","type-post","status-publish","format-standard","has-post-thumbnail","hentry","category-barcelona-fr","category-la-liga-fr","category-real-madrid-fr"],"_links":{"self":[{"href":"https:\/\/www.fanzword.com\/fr\/wp-json\/wp\/v2\/posts\/16192","targetHints":{"allow":["GET"]}}],"collection":[{"href":"https:\/\/www.fanzword.com\/fr\/wp-json\/wp\/v2\/posts"}],"about":[{"href":"https:\/\/www.fanzword.com\/fr\/wp-json\/wp\/v2\/types\/post"}],"author":[{"embeddable":true,"href":"https:\/\/www.fanzword.com\/fr\/wp-json\/wp\/v2\/users\/2"}],"replies":[{"embeddable":true,"href":"https:\/\/www.fanzword.com\/fr\/wp-json\/wp\/v2\/comments?post=16192"}],"version-history":[{"count":1,"href":"https:\/\/www.fanzword.com\/fr\/wp-json\/wp\/v2\/posts\/16192\/revisions"}],"predecessor-version":[{"id":16193,"href":"https:\/\/www.fanzword.com\/fr\/wp-json\/wp\/v2\/posts\/16192\/revisions\/16193"}],"wp:featuredmedia":[{"embeddable":true,"href":"https:\/\/www.fanzword.com\/fr\/wp-json\/wp\/v2\/media\/16188"}],"wp:attachment":[{"href":"https:\/\/www.fanzword.com\/fr\/wp-json\/wp\/v2\/media?parent=16192"}],"wp:term":[{"taxonomy":"category","embeddable":true,"href":"https:\/\/www.fanzword.com\/fr\/wp-json\/wp\/v2\/categories?post=16192"},{"taxonomy":"post_tag","embeddable":true,"href":"https:\/\/www.fanzword.com\/fr\/wp-json\/wp\/v2\/tags?post=16192"}],"curies":[{"name":"wp","href":"https:\/\/api.w.org\/{rel}","templated":true}]}}