{"id":14787,"date":"2024-05-24T10:12:43","date_gmt":"2024-05-24T10:12:43","guid":{"rendered":"https:\/\/www.fanzword.com\/?p=14787"},"modified":"2024-05-24T11:57:57","modified_gmt":"2024-05-24T11:57:57","slug":"quand-barcelone-annoncera-t-il-le-licenciement-de-xavi-et-la-nomination-de-flick","status":"publish","type":"post","link":"https:\/\/www.fanzword.com\/fr\/quand-barcelone-annoncera-t-il-le-licenciement-de-xavi-et-la-nomination-de-flick\/","title":{"rendered":"Officiellement&#8230; Barcelone annonce le limogeage de Xavi"},"content":{"rendered":"<p>Barcelone a annonc\u00e9 dans un communiqu\u00e9 officiel le limogeage de son entra\u00eeneur, Xavi Hern\u00e1ndez, de ses fonctions apr\u00e8s la fin de la saison en cours.<\/p>\n<p>L&rsquo;entra\u00eeneur catalan a rencontr\u00e9 vendredi le pr\u00e9sident du club Joan Laporta et le directeur sportif Deco et a \u00e9t\u00e9 inform\u00e9 que ses services prendraient fin \u00e0 la fin du match de S\u00e9ville dimanche prochain.<\/p>\n<p>Bien que la d\u00e9claration de Barcelone n&rsquo;ait pas abord\u00e9 la raison du licenciement de Xavi, on sait que la d\u00e9cision a \u00e9t\u00e9 prise en raison de ses d\u00e9clarations dans lesquelles il consid\u00e9rait que Barcelone n&rsquo;\u00e9tait pas en mesure de rivaliser avec les meilleurs joueurs europ\u00e9ens la saison prochaine.<\/p>\n<p>On s&rsquo;attend \u00e0 ce que Xavi succ\u00e8de \u00e0 l&rsquo;entra\u00eeneur allemand Hansi Flick, apr\u00e8s avoir conclu son accord avec les responsables Blaugrana sur tous les d\u00e9tails pour signer un contrat de deux saisons au Camp Nou.<\/p>\n<p>Les journaux espagnols avaient indiqu\u00e9 que l&rsquo;annonce de Flick en tant qu&rsquo;entra\u00eeneur du Bar\u00e7a aurait lieu lundi apr\u00e8s le d\u00e9part de Xavi, mais avec l&rsquo;acc\u00e9l\u00e9ration des choses, l&rsquo;ancien entra\u00eeneur du Bayern Munich pourrait \u00eatre annonc\u00e9 plus t\u00f4t.<\/p>\n","protected":false},"excerpt":{"rendered":"<p>Barcelone a annonc\u00e9 dans un communiqu\u00e9 officiel le limogeage de son entra\u00eeneur, Xavi Hern\u00e1ndez, de ses fonctions apr\u00e8s la fin de la saison en cours. L&rsquo;entra\u00eeneur catalan a rencontr\u00e9 vendredi le pr\u00e9sident du club Joan Laporta et le directeur sportif Deco et a \u00e9t\u00e9 inform\u00e9 que ses services prendraient fin \u00e0 la fin du match [&hellip;]<\/p>\n","protected":false},"author":2,"featured_media":14809,"comment_status":"closed","ping_status":"closed","sticky":false,"template":"","format":"standard","meta":{"sfio_featured_image":false,"sfio_embed_code":"","footnotes":""},"categories":[221,220],"tags":[],"class_list":["post-14787","post","type-post","status-publish","format-standard","has-post-thumbnail","hentry","category-barcelona-fr","category-la-liga-fr"],"_links":{"self":[{"href":"https:\/\/www.fanzword.com\/fr\/wp-json\/wp\/v2\/posts\/14787","targetHints":{"allow":["GET"]}}],"collection":[{"href":"https:\/\/www.fanzword.com\/fr\/wp-json\/wp\/v2\/posts"}],"about":[{"href":"https:\/\/www.fanzword.com\/fr\/wp-json\/wp\/v2\/types\/post"}],"author":[{"embeddable":true,"href":"https:\/\/www.fanzword.com\/fr\/wp-json\/wp\/v2\/users\/2"}],"replies":[{"embeddable":true,"href":"https:\/\/www.fanzword.com\/fr\/wp-json\/wp\/v2\/comments?post=14787"}],"version-history":[{"count":2,"href":"https:\/\/www.fanzword.com\/fr\/wp-json\/wp\/v2\/posts\/14787\/revisions"}],"predecessor-version":[{"id":14819,"href":"https:\/\/www.fanzword.com\/fr\/wp-json\/wp\/v2\/posts\/14787\/revisions\/14819"}],"wp:featuredmedia":[{"embeddable":true,"href":"https:\/\/www.fanzword.com\/fr\/wp-json\/wp\/v2\/media\/14809"}],"wp:attachment":[{"href":"https:\/\/www.fanzword.com\/fr\/wp-json\/wp\/v2\/media?parent=14787"}],"wp:term":[{"taxonomy":"category","embeddable":true,"href":"https:\/\/www.fanzword.com\/fr\/wp-json\/wp\/v2\/categories?post=14787"},{"taxonomy":"post_tag","embeddable":true,"href":"https:\/\/www.fanzword.com\/fr\/wp-json\/wp\/v2\/tags?post=14787"}],"curies":[{"name":"wp","href":"https:\/\/api.w.org\/{rel}","templated":true}]}}