{"id":14695,"date":"2024-05-23T11:50:29","date_gmt":"2024-05-23T11:50:29","guid":{"rendered":"https:\/\/www.fanzword.com\/?p=14695"},"modified":"2024-05-23T11:50:29","modified_gmt":"2024-05-23T11:50:29","slug":"un-acteur-arabe-sauve-barcelone-de-la-crise-economique","status":"publish","type":"post","link":"https:\/\/www.fanzword.com\/fr\/un-acteur-arabe-sauve-barcelone-de-la-crise-economique\/","title":{"rendered":"Un acteur arabe sauve Barcelone de la crise \u00e9conomique !"},"content":{"rendered":"<p>Le journal \u00ab\u00a0Sport\u00a0\u00bb a rapport\u00e9 que Barcelone est sur le point d&rsquo;obtenir un montant sup\u00e9rieur \u00e0 10 millions d&rsquo;euros gr\u00e2ce \u00e0 la vente de Shadi Riyad au Real Betis l&rsquo;\u00e9t\u00e9 prochain.<\/p>\n<p>Il avait d\u00e9j\u00e0 \u00e9t\u00e9 annonc\u00e9 que Riyad reviendrait \u00e0 Barcelone l&rsquo;\u00e9t\u00e9 prochain apr\u00e8s son brillant pr\u00eat au Betis cette saison, mais la direction de Joan Laporta a d\u00e9cid\u00e9 de revenir sur cette d\u00e9cision.<\/p>\n<p>Le club andalou rach\u00e8tera le contrat du joueur marocain pour 3 millions d&rsquo;euros, et Barcelone n&rsquo;activera pas la clause de rachat et le laissera au Betis pour gagner plus d&rsquo;argent.<\/p>\n<p>Le d\u00e9fenseur de 20 ans fait l&rsquo;objet d&rsquo;un int\u00e9r\u00eat particulier de la part de Crystal Palace, qui s&rsquo;appr\u00eate \u00e0 payer 15 millions d&rsquo;euros au Betis pour l&rsquo;acheter, la part de Barcelone sur cette valeur sera de 50%.<\/p>\n<p>Cela signifie que le Bar\u00e7a recevra 3 millions d&rsquo;euros du Betis pour acheter Riyad dans un premier temps, puis sa part de la deuxi\u00e8me vente, qui s&rsquo;\u00e9l\u00e8ve \u00e0 7,5 millions d&rsquo;euros, ce qui signifie que le b\u00e9n\u00e9fice total du successeur du Marocain sera de 10,5 millions d&rsquo;euros.<\/p>\n<p>Laporta et ses compagnons souhaitent que l&rsquo;accord soit conclu sous la forme convenue avant le 30 juin, afin qu&rsquo;il soit inclus dans le budget du club et qu&rsquo;il contribue grandement \u00e0 soulager la mainmise \u00e9conomique dont souffre grandement les Blaugrana.<\/p>\n","protected":false},"excerpt":{"rendered":"<p>Le journal \u00ab\u00a0Sport\u00a0\u00bb a rapport\u00e9 que Barcelone est sur le point d&rsquo;obtenir un montant sup\u00e9rieur \u00e0 10 millions d&rsquo;euros gr\u00e2ce \u00e0 la vente de Shadi Riyad au Real Betis l&rsquo;\u00e9t\u00e9 prochain. Il avait d\u00e9j\u00e0 \u00e9t\u00e9 annonc\u00e9 que Riyad reviendrait \u00e0 Barcelone l&rsquo;\u00e9t\u00e9 prochain apr\u00e8s son brillant pr\u00eat au Betis cette saison, mais la direction de [&hellip;]<\/p>\n","protected":false},"author":2,"featured_media":14691,"comment_status":"closed","ping_status":"closed","sticky":false,"template":"","format":"standard","meta":{"sfio_featured_image":false,"sfio_embed_code":"","footnotes":""},"categories":[221,220],"tags":[],"class_list":["post-14695","post","type-post","status-publish","format-standard","has-post-thumbnail","hentry","category-barcelona-fr","category-la-liga-fr"],"_links":{"self":[{"href":"https:\/\/www.fanzword.com\/fr\/wp-json\/wp\/v2\/posts\/14695","targetHints":{"allow":["GET"]}}],"collection":[{"href":"https:\/\/www.fanzword.com\/fr\/wp-json\/wp\/v2\/posts"}],"about":[{"href":"https:\/\/www.fanzword.com\/fr\/wp-json\/wp\/v2\/types\/post"}],"author":[{"embeddable":true,"href":"https:\/\/www.fanzword.com\/fr\/wp-json\/wp\/v2\/users\/2"}],"replies":[{"embeddable":true,"href":"https:\/\/www.fanzword.com\/fr\/wp-json\/wp\/v2\/comments?post=14695"}],"version-history":[{"count":1,"href":"https:\/\/www.fanzword.com\/fr\/wp-json\/wp\/v2\/posts\/14695\/revisions"}],"predecessor-version":[{"id":14696,"href":"https:\/\/www.fanzword.com\/fr\/wp-json\/wp\/v2\/posts\/14695\/revisions\/14696"}],"wp:featuredmedia":[{"embeddable":true,"href":"https:\/\/www.fanzword.com\/fr\/wp-json\/wp\/v2\/media\/14691"}],"wp:attachment":[{"href":"https:\/\/www.fanzword.com\/fr\/wp-json\/wp\/v2\/media?parent=14695"}],"wp:term":[{"taxonomy":"category","embeddable":true,"href":"https:\/\/www.fanzword.com\/fr\/wp-json\/wp\/v2\/categories?post=14695"},{"taxonomy":"post_tag","embeddable":true,"href":"https:\/\/www.fanzword.com\/fr\/wp-json\/wp\/v2\/tags?post=14695"}],"curies":[{"name":"wp","href":"https:\/\/api.w.org\/{rel}","templated":true}]}}