{"id":14267,"date":"2024-05-18T12:23:10","date_gmt":"2024-05-18T12:23:10","guid":{"rendered":"https:\/\/www.fanzword.com\/?p=14267"},"modified":"2024-05-18T12:23:10","modified_gmt":"2024-05-18T12:23:10","slug":"apres-lintervention-de-perez-le-sort-de-kroos-et-modric-au-real-madrid-est-revele","status":"publish","type":"post","link":"https:\/\/www.fanzword.com\/fr\/apres-lintervention-de-perez-le-sort-de-kroos-et-modric-au-real-madrid-est-revele\/","title":{"rendered":"Apr\u00e8s l&rsquo;intervention de Perez&#8230; le sort de Kroos et Modric au Real Madrid est r\u00e9v\u00e9l\u00e9"},"content":{"rendered":"<p>La cha\u00eene Athletic a rapport\u00e9 que le pr\u00e9sident du Real Madrid, Florentino P\u00e9rez, est intervenu personnellement et m\u00e8ne les n\u00e9gociations pour renouveler les contrats du duo Luka Modric et Toni Kroos.<\/p>\n<p>Selon le rapport, Modric a accept\u00e9 une r\u00e9duction significative de son salaire et a \u00e9galement accept\u00e9 de jouer un r\u00f4le secondaire dans la liste de Carlo Ancelotti la saison prochaine afin de prolonger son s\u00e9jour au Santiago Bernabeu d&rsquo;un an suppl\u00e9mentaire.<\/p>\n<p>Les n\u00e9gociations entre les deux parties progressent de mani\u00e8re tr\u00e8s positive, et la conclusion d\u2019un accord est tr\u00e8s proche, et ce n\u2019est peut-\u00eatre qu\u2019une question de temps avant que le renouvellement du contrat du joueur de 39 ans ne soit annonc\u00e9.<\/p>\n<p>Quant \u00e0 Kroos, la star allemande n\u2019a pas encore pris sa d\u00e9cision finale de prendre sa retraite ou de continuer pendant un an suppl\u00e9mentaire, mais les choses venant du camp du joueur de 34 ans sont tr\u00e8s prometteuses.<\/p>\n<p>La famille de Kroos, dirig\u00e9e par sa m\u00e8re, a exig\u00e9 que le joueur continue encore un an sur le terrain, et l&rsquo;Allemand est actuellement enclin \u00e0 accepter l&rsquo;offre du Real Madrid et \u00e0 renouveler son contrat jusqu&rsquo;\u00e0 l&rsquo;\u00e9t\u00e9 2025.<\/p>\n<p>L&rsquo;Athletic confirme que les questions financi\u00e8res ne seront pas un obstacle au renouvellement, et ce qui s&rsquo;en rapproche le plus actuellement est que Kroos restera encore un an dans la capitale espagnole.<\/p>\n","protected":false},"excerpt":{"rendered":"<p>La cha\u00eene Athletic a rapport\u00e9 que le pr\u00e9sident du Real Madrid, Florentino P\u00e9rez, est intervenu personnellement et m\u00e8ne les n\u00e9gociations pour renouveler les contrats du duo Luka Modric et Toni Kroos. Selon le rapport, Modric a accept\u00e9 une r\u00e9duction significative de son salaire et a \u00e9galement accept\u00e9 de jouer un r\u00f4le secondaire dans la liste [&hellip;]<\/p>\n","protected":false},"author":2,"featured_media":14263,"comment_status":"closed","ping_status":"closed","sticky":false,"template":"","format":"standard","meta":{"sfio_featured_image":false,"sfio_embed_code":"","footnotes":""},"categories":[220,222],"tags":[],"class_list":["post-14267","post","type-post","status-publish","format-standard","has-post-thumbnail","hentry","category-la-liga-fr","category-real-madrid-fr"],"_links":{"self":[{"href":"https:\/\/www.fanzword.com\/fr\/wp-json\/wp\/v2\/posts\/14267","targetHints":{"allow":["GET"]}}],"collection":[{"href":"https:\/\/www.fanzword.com\/fr\/wp-json\/wp\/v2\/posts"}],"about":[{"href":"https:\/\/www.fanzword.com\/fr\/wp-json\/wp\/v2\/types\/post"}],"author":[{"embeddable":true,"href":"https:\/\/www.fanzword.com\/fr\/wp-json\/wp\/v2\/users\/2"}],"replies":[{"embeddable":true,"href":"https:\/\/www.fanzword.com\/fr\/wp-json\/wp\/v2\/comments?post=14267"}],"version-history":[{"count":1,"href":"https:\/\/www.fanzword.com\/fr\/wp-json\/wp\/v2\/posts\/14267\/revisions"}],"predecessor-version":[{"id":14268,"href":"https:\/\/www.fanzword.com\/fr\/wp-json\/wp\/v2\/posts\/14267\/revisions\/14268"}],"wp:featuredmedia":[{"embeddable":true,"href":"https:\/\/www.fanzword.com\/fr\/wp-json\/wp\/v2\/media\/14263"}],"wp:attachment":[{"href":"https:\/\/www.fanzword.com\/fr\/wp-json\/wp\/v2\/media?parent=14267"}],"wp:term":[{"taxonomy":"category","embeddable":true,"href":"https:\/\/www.fanzword.com\/fr\/wp-json\/wp\/v2\/categories?post=14267"},{"taxonomy":"post_tag","embeddable":true,"href":"https:\/\/www.fanzword.com\/fr\/wp-json\/wp\/v2\/tags?post=14267"}],"curies":[{"name":"wp","href":"https:\/\/api.w.org\/{rel}","templated":true}]}}