{"id":13820,"date":"2024-05-13T13:29:05","date_gmt":"2024-05-13T13:29:05","guid":{"rendered":"https:\/\/www.fanzword.com\/?p=13820"},"modified":"2024-05-13T13:29:05","modified_gmt":"2024-05-13T13:29:05","slug":"une-decision-choquante-de-xavi-et-deco-concernant-la-star-barcelonaise","status":"publish","type":"post","link":"https:\/\/www.fanzword.com\/fr\/une-decision-choquante-de-xavi-et-deco-concernant-la-star-barcelonaise\/","title":{"rendered":"Une d\u00e9cision choquante de Xavi et Deco concernant la star barcelonaise"},"content":{"rendered":"<p>La cha\u00eene Cadena Ser a rapport\u00e9 que le directeur sportif de Barcelone, Deco, avait d\u00e9cid\u00e9 que Vitor Roque quitte les rangs du club catalan pendant la p\u00e9riode des transferts estivaux.<\/p>\n<p>Roque a rejoint l&rsquo;Atletico Paranaense en janvier dernier pour 40 millions d&rsquo;euros, et l&rsquo;opinion \u00e9tait qu&rsquo;il \u00e9tait l&rsquo;un des talents du football les plus importants et qu&rsquo;il pourrait s&rsquo;int\u00e9grer et faire une diff\u00e9rence imm\u00e9diate au Camp Nou.<\/p>\n<p>Quant \u00e0 l&rsquo;entra\u00eeneur Xavi Hern\u00e1ndez, Roque ne lui a pas encore propos\u00e9 quelque chose de suffisant pour porter le maillot de Barcelone, et il est devenu \u00e9vident qu&rsquo;il lui faudra beaucoup de travail pour pouvoir jouer \u00e0 Barcelone.<\/p>\n<p>Le joueur de 18 ans n&rsquo;a particip\u00e9 que 310 minutes \u00e0 tous les tournois, et son agent a annonc\u00e9 que la relation entre le joueur et Xavi s&rsquo;\u00e9tait compl\u00e8tement d\u00e9t\u00e9rior\u00e9e le mois dernier.<\/p>\n<p>Bien que Barcelone ne soit pas convaincu par Ruki, le club catalan ne veut pas vendre le Br\u00e9silien, mais plut\u00f4t le pr\u00eater \u00e0 n&rsquo;importe quel club europ\u00e9en pour acqu\u00e9rir de l&rsquo;exp\u00e9rience et ensuite revenir chez les Blaugrana.<\/p>\n<p>Cette option contredit ce qu&rsquo;a d\u00e9clar\u00e9 l&rsquo;agent de Roque, qui a clairement annonc\u00e9 que le joueur ne serait pas pr\u00eat\u00e9, et s&rsquo;il quittait Barcelone, ce serait sous la forme d&rsquo;un transfert d\u00e9finitif uniquement.<\/p>\n","protected":false},"excerpt":{"rendered":"<p>La cha\u00eene Cadena Ser a rapport\u00e9 que le directeur sportif de Barcelone, Deco, avait d\u00e9cid\u00e9 que Vitor Roque quitte les rangs du club catalan pendant la p\u00e9riode des transferts estivaux. Roque a rejoint l&rsquo;Atletico Paranaense en janvier dernier pour 40 millions d&rsquo;euros, et l&rsquo;opinion \u00e9tait qu&rsquo;il \u00e9tait l&rsquo;un des talents du football les plus importants [&hellip;]<\/p>\n","protected":false},"author":2,"featured_media":13816,"comment_status":"closed","ping_status":"closed","sticky":false,"template":"","format":"standard","meta":{"sfio_featured_image":false,"sfio_embed_code":"","footnotes":""},"categories":[221,220],"tags":[],"class_list":["post-13820","post","type-post","status-publish","format-standard","has-post-thumbnail","hentry","category-barcelona-fr","category-la-liga-fr"],"_links":{"self":[{"href":"https:\/\/www.fanzword.com\/fr\/wp-json\/wp\/v2\/posts\/13820","targetHints":{"allow":["GET"]}}],"collection":[{"href":"https:\/\/www.fanzword.com\/fr\/wp-json\/wp\/v2\/posts"}],"about":[{"href":"https:\/\/www.fanzword.com\/fr\/wp-json\/wp\/v2\/types\/post"}],"author":[{"embeddable":true,"href":"https:\/\/www.fanzword.com\/fr\/wp-json\/wp\/v2\/users\/2"}],"replies":[{"embeddable":true,"href":"https:\/\/www.fanzword.com\/fr\/wp-json\/wp\/v2\/comments?post=13820"}],"version-history":[{"count":2,"href":"https:\/\/www.fanzword.com\/fr\/wp-json\/wp\/v2\/posts\/13820\/revisions"}],"predecessor-version":[{"id":13822,"href":"https:\/\/www.fanzword.com\/fr\/wp-json\/wp\/v2\/posts\/13820\/revisions\/13822"}],"wp:featuredmedia":[{"embeddable":true,"href":"https:\/\/www.fanzword.com\/fr\/wp-json\/wp\/v2\/media\/13816"}],"wp:attachment":[{"href":"https:\/\/www.fanzword.com\/fr\/wp-json\/wp\/v2\/media?parent=13820"}],"wp:term":[{"taxonomy":"category","embeddable":true,"href":"https:\/\/www.fanzword.com\/fr\/wp-json\/wp\/v2\/categories?post=13820"},{"taxonomy":"post_tag","embeddable":true,"href":"https:\/\/www.fanzword.com\/fr\/wp-json\/wp\/v2\/tags?post=13820"}],"curies":[{"name":"wp","href":"https:\/\/api.w.org\/{rel}","templated":true}]}}