{"id":12453,"date":"2024-04-28T19:17:02","date_gmt":"2024-04-28T19:17:02","guid":{"rendered":"https:\/\/www.fanzword.com\/?p=12453"},"modified":"2024-04-28T19:17:02","modified_gmt":"2024-04-28T19:17:02","slug":"le-bayern-conteste-lhonneur-footballistique-de-tuchel","status":"publish","type":"post","link":"https:\/\/www.fanzword.com\/fr\/le-bayern-conteste-lhonneur-footballistique-de-tuchel\/","title":{"rendered":"Le Bayern conteste \u00ab l\u2019honneur \u00bb footballistique de Tuchel"},"content":{"rendered":"<p>Thomas Tuchel, entra\u00eeneur du Bayern Munich, a exprim\u00e9 sa d\u00e9ception face aux d\u00e9clarations du pr\u00e9sident d&rsquo;honneur du club bavarois, Uli Hoeness, selon lesquelles l&rsquo;entra\u00eeneur n&rsquo;\u00e9tait pas dou\u00e9 pour d\u00e9velopper les joueurs, et il a consid\u00e9r\u00e9 que cela revenait \u00e0 \u00ab plonger dans son honneur footballistique \u00bb. \u00bb<\/p>\n<p>Dans des d\u00e9clarations controvers\u00e9es, Hoeness a d\u00e9clar\u00e9 : \u00ab Je ne bl\u00e2me pas Tuchel pour ce qui se passe au Bayern. Nous d\u00eenons souvent ensemble et je n&rsquo;ai pas de contact avec lui. Il ne pense pas qu&rsquo;il soit capable de d\u00e9velopper Musiala, Pavlovic ou Davis, et cela. C&rsquo;est pourquoi il veut d&rsquo;autres joueurs \u00e0 leur place, alors que je pense que nous devons les d\u00e9velopper.\u00a0\u00bb<\/p>\n<p>Tuchel a r\u00e9pondu \u00e0 ces d\u00e9clarations avec beaucoup de regret, en d\u00e9clarant : \u00ab\u00a0C&rsquo;est loin d&rsquo;\u00eatre la v\u00e9rit\u00e9. J&rsquo;ai l&rsquo;impression que mon honneur footballistique a \u00e9t\u00e9 poignard\u00e9.\u00a0\u00bb<\/p>\n<p>Il a poursuivi : \u00ab\u00a0Je ne sais pas comment r\u00e9pondre \u00e0 cette conversation ? Si j&rsquo;ai prouv\u00e9 quelque chose ces derni\u00e8res ann\u00e9es, c&rsquo;est que je m&rsquo;entends bien avec les joueurs du centre de formation et que je peux les d\u00e9velopper.\u00a0\u00bb<\/p>\n<p>Quant \u00e0 savoir s&rsquo;il allait en discuter avec Hoeness, il a r\u00e9pondu : \u00ab\u00a0Le fait que la conversation ait lieu 4 jours avant le match du Real Madrid lui donne une saveur diff\u00e9rente. C&rsquo;est une attaque frustrante pour moi en tant qu&rsquo;entra\u00eeneur.\u00a0\u00bb<\/p>\n<p>Il a conclu : \u00ab\u00a0Je ne veux plus en reparler. Nous avons une semaine difficile. Nous affronterons \u00e0 nouveau le Real Madrid, puis Stuttgart, puis le Real Madrid. Nous nous concentrons enti\u00e8rement l\u00e0-dessus maintenant.\u00a0\u00bb<\/p>\n<p>Il est \u00e0 noter que Tuchel quittera le Bayern Munich \u00e0 la fin de cette saison et que son successeur \u00e0 l&rsquo;Allianz Arena n&rsquo;a pas encore \u00e9t\u00e9 d\u00e9termin\u00e9.<\/p>\n","protected":false},"excerpt":{"rendered":"<p>Thomas Tuchel, entra\u00eeneur du Bayern Munich, a exprim\u00e9 sa d\u00e9ception face aux d\u00e9clarations du pr\u00e9sident d&rsquo;honneur du club bavarois, Uli Hoeness, selon lesquelles l&rsquo;entra\u00eeneur n&rsquo;\u00e9tait pas dou\u00e9 pour d\u00e9velopper les joueurs, et il a consid\u00e9r\u00e9 que cela revenait \u00e0 \u00ab plonger dans son honneur footballistique \u00bb. \u00bb Dans des d\u00e9clarations controvers\u00e9es, Hoeness a d\u00e9clar\u00e9 : [&hellip;]<\/p>\n","protected":false},"author":2,"featured_media":12449,"comment_status":"closed","ping_status":"closed","sticky":false,"template":"","format":"standard","meta":{"sfio_featured_image":false,"sfio_embed_code":"","footnotes":""},"categories":[225,211,251,222],"tags":[],"class_list":["post-12453","post","type-post","status-publish","format-standard","has-post-thumbnail","hentry","category-bayern-munich-fr","category-bundesliga","category-ligue-des-champions","category-real-madrid-fr"],"_links":{"self":[{"href":"https:\/\/www.fanzword.com\/fr\/wp-json\/wp\/v2\/posts\/12453","targetHints":{"allow":["GET"]}}],"collection":[{"href":"https:\/\/www.fanzword.com\/fr\/wp-json\/wp\/v2\/posts"}],"about":[{"href":"https:\/\/www.fanzword.com\/fr\/wp-json\/wp\/v2\/types\/post"}],"author":[{"embeddable":true,"href":"https:\/\/www.fanzword.com\/fr\/wp-json\/wp\/v2\/users\/2"}],"replies":[{"embeddable":true,"href":"https:\/\/www.fanzword.com\/fr\/wp-json\/wp\/v2\/comments?post=12453"}],"version-history":[{"count":1,"href":"https:\/\/www.fanzword.com\/fr\/wp-json\/wp\/v2\/posts\/12453\/revisions"}],"predecessor-version":[{"id":12454,"href":"https:\/\/www.fanzword.com\/fr\/wp-json\/wp\/v2\/posts\/12453\/revisions\/12454"}],"wp:featuredmedia":[{"embeddable":true,"href":"https:\/\/www.fanzword.com\/fr\/wp-json\/wp\/v2\/media\/12449"}],"wp:attachment":[{"href":"https:\/\/www.fanzword.com\/fr\/wp-json\/wp\/v2\/media?parent=12453"}],"wp:term":[{"taxonomy":"category","embeddable":true,"href":"https:\/\/www.fanzword.com\/fr\/wp-json\/wp\/v2\/categories?post=12453"},{"taxonomy":"post_tag","embeddable":true,"href":"https:\/\/www.fanzword.com\/fr\/wp-json\/wp\/v2\/tags?post=12453"}],"curies":[{"name":"wp","href":"https:\/\/api.w.org\/{rel}","templated":true}]}}