{"id":12063,"date":"2024-04-23T14:17:13","date_gmt":"2024-04-23T14:17:13","guid":{"rendered":"https:\/\/www.fanzword.com\/?p=12063"},"modified":"2024-04-23T14:17:13","modified_gmt":"2024-04-23T14:17:13","slug":"croyez-le-ou-non-le-president-du-real-madrid-demande-a-barcelone-de-garder-xavi","status":"publish","type":"post","link":"https:\/\/www.fanzword.com\/fr\/croyez-le-ou-non-le-president-du-real-madrid-demande-a-barcelone-de-garder-xavi\/","title":{"rendered":"Croyez-le ou non&#8230; Le pr\u00e9sident du Real Madrid demande \u00e0 Barcelone de garder Xavi !"},"content":{"rendered":"<p>Le pr\u00e9sident du Real Madrid, Florentino P\u00e9rez, a d\u00e9fendu l&rsquo;entra\u00eeneur de Barcelone, Xavi Hern\u00e1ndez, et a m\u00eame appel\u00e9 la direction du club catalan \u00e0 le garder et \u00e0 ne pas quitter son poste la saison prochaine.<\/p>\n<p>P\u00e9rez a rencontr\u00e9 le pr\u00e9sident de Barcelone, Joan Laporta, avant la confrontation des deux \u00e9quipes dimanche dernier pour d\u00e9jeuner, comme d&rsquo;habitude, au cours duquel les deux parties ont discut\u00e9 de divers sujets, dont l&rsquo;avenir de Xavi.<\/p>\n<p>Selon le journal \u00ab\u00a0Sport\u00a0\u00bb, P\u00e9rez a exprim\u00e9 son \u00e9tonnement face aux attaques dont Xavi a \u00e9t\u00e9 victime en raison de l&rsquo;exclusion de Barcelone de la Ligue des Champions et de la perte imminente du titre de la Liga.<\/p>\n<p>Le pr\u00e9sident madril\u00e8ne estime que Xavi ne m\u00e9rite pas de mettre son avenir en jeu compte tenu de son bon travail au Camp Nou, et se base sur son exp\u00e9rience avec Carlo Ancelotti l&rsquo;ann\u00e9e derni\u00e8re.<\/p>\n<p>Le Real Madrid a perdu le titre de la Ligue espagnole et a quitt\u00e9 la Ligue des champions avec une lourde d\u00e9faite face \u00e0 Manchester City 4-0, et l&rsquo;avenir d&rsquo;Ancelotti n&rsquo;a pas \u00e9t\u00e9 discut\u00e9 ni son limogeage envisag\u00e9.<\/p>\n<p>Xavi avait annonc\u00e9 son d\u00e9part de Barcelone \u00e0 la fin de la saison, mais des n\u00e9gociations sont en cours entre l&rsquo;administration catalane et l&rsquo;entra\u00eeneur afin de le convaincre de continuer au moins un an suppl\u00e9mentaire.<\/p>\n","protected":false},"excerpt":{"rendered":"<p>Le pr\u00e9sident du Real Madrid, Florentino P\u00e9rez, a d\u00e9fendu l&rsquo;entra\u00eeneur de Barcelone, Xavi Hern\u00e1ndez, et a m\u00eame appel\u00e9 la direction du club catalan \u00e0 le garder et \u00e0 ne pas quitter son poste la saison prochaine. P\u00e9rez a rencontr\u00e9 le pr\u00e9sident de Barcelone, Joan Laporta, avant la confrontation des deux \u00e9quipes dimanche dernier pour d\u00e9jeuner, [&hellip;]<\/p>\n","protected":false},"author":2,"featured_media":12050,"comment_status":"open","ping_status":"open","sticky":false,"template":"","format":"standard","meta":{"sfio_featured_image":false,"sfio_embed_code":"","footnotes":""},"categories":[221,220,222],"tags":[],"class_list":["post-12063","post","type-post","status-publish","format-standard","has-post-thumbnail","hentry","category-barcelona-fr","category-la-liga-fr","category-real-madrid-fr"],"_links":{"self":[{"href":"https:\/\/www.fanzword.com\/fr\/wp-json\/wp\/v2\/posts\/12063","targetHints":{"allow":["GET"]}}],"collection":[{"href":"https:\/\/www.fanzword.com\/fr\/wp-json\/wp\/v2\/posts"}],"about":[{"href":"https:\/\/www.fanzword.com\/fr\/wp-json\/wp\/v2\/types\/post"}],"author":[{"embeddable":true,"href":"https:\/\/www.fanzword.com\/fr\/wp-json\/wp\/v2\/users\/2"}],"replies":[{"embeddable":true,"href":"https:\/\/www.fanzword.com\/fr\/wp-json\/wp\/v2\/comments?post=12063"}],"version-history":[{"count":1,"href":"https:\/\/www.fanzword.com\/fr\/wp-json\/wp\/v2\/posts\/12063\/revisions"}],"predecessor-version":[{"id":12064,"href":"https:\/\/www.fanzword.com\/fr\/wp-json\/wp\/v2\/posts\/12063\/revisions\/12064"}],"wp:featuredmedia":[{"embeddable":true,"href":"https:\/\/www.fanzword.com\/fr\/wp-json\/wp\/v2\/media\/12050"}],"wp:attachment":[{"href":"https:\/\/www.fanzword.com\/fr\/wp-json\/wp\/v2\/media?parent=12063"}],"wp:term":[{"taxonomy":"category","embeddable":true,"href":"https:\/\/www.fanzword.com\/fr\/wp-json\/wp\/v2\/categories?post=12063"},{"taxonomy":"post_tag","embeddable":true,"href":"https:\/\/www.fanzword.com\/fr\/wp-json\/wp\/v2\/tags?post=12063"}],"curies":[{"name":"wp","href":"https:\/\/api.w.org\/{rel}","templated":true}]}}