{"id":11582,"date":"2024-04-18T13:28:01","date_gmt":"2024-04-18T13:28:01","guid":{"rendered":"https:\/\/www.fanzword.com\/?p=11582"},"modified":"2024-04-18T13:28:01","modified_gmt":"2024-04-18T13:28:01","slug":"des-doutes-sur-la-presence-de-la-star-du-real-madrid-dans-le-clasico","status":"publish","type":"post","link":"https:\/\/www.fanzword.com\/fr\/des-doutes-sur-la-presence-de-la-star-du-real-madrid-dans-le-clasico\/","title":{"rendered":"Des doutes sur la pr\u00e9sence de la star du Real Madrid dans le Cl\u00e1sico"},"content":{"rendered":"<p>Le journal \u00ab\u00a0Sport\u00a0\u00bb a rapport\u00e9 qu&rsquo;il y avait des doutes sur la participation de Vinicius Junior contre le Real Madrid et Barcelone dimanche prochain en raison d&rsquo;une blessure.<\/p>\n<p>La star br\u00e9silienne a \u00e9t\u00e9 remplac\u00e9e pendant la prolongation du match entre le Royal Club et Manchester City en raison d&rsquo;une blessure musculaire, et il a eu du mal m\u00eame en quittant le terrain.<\/p>\n<p>Selon le journal, Vinicius subira jeudi des examens m\u00e9dicaux complets pour v\u00e9rifier son \u00e9tat, la nature de la blessure et s&rsquo;il r\u00e9ussira ou non \u00e0 participer au Cl\u00e1sico.<\/p>\n<p>La plus grande pr\u00e9occupation actuelle de Carlo Ancelotti est que la blessure du joueur de 23 ans est une tension musculaire, et son absence du Cl\u00e1sico sera alors confirm\u00e9e, ce qui portera un coup dur \u00e0 la fortune des Merengue.<\/p>\n<p>Vinicius a un bilan exceptionnel contre Barcelone, puisqu&rsquo;il a contribu\u00e9 \u00e0 9 buts en 16 apparitions au Cl\u00e1sico, dont le dernier \u00e9tait un tripl\u00e9 lors de la finale de la Super Coupe d&rsquo;Espagne en janvier dernier.<\/p>\n<p>Le Real Madrid aborde le Cl\u00e1sico en t\u00eate du classement de la Liga, avec 8 points de retard sur Barcelone, alors qu&rsquo;il ne reste que 7 journ\u00e9es avant la fin de la comp\u00e9tition.<\/p>\n","protected":false},"excerpt":{"rendered":"<p>Le journal \u00ab\u00a0Sport\u00a0\u00bb a rapport\u00e9 qu&rsquo;il y avait des doutes sur la participation de Vinicius Junior contre le Real Madrid et Barcelone dimanche prochain en raison d&rsquo;une blessure. La star br\u00e9silienne a \u00e9t\u00e9 remplac\u00e9e pendant la prolongation du match entre le Royal Club et Manchester City en raison d&rsquo;une blessure musculaire, et il a eu [&hellip;]<\/p>\n","protected":false},"author":2,"featured_media":11578,"comment_status":"open","ping_status":"open","sticky":false,"template":"","format":"standard","meta":{"sfio_featured_image":false,"sfio_embed_code":"","footnotes":""},"categories":[221,220,222],"tags":[],"class_list":["post-11582","post","type-post","status-publish","format-standard","has-post-thumbnail","hentry","category-barcelona-fr","category-la-liga-fr","category-real-madrid-fr"],"_links":{"self":[{"href":"https:\/\/www.fanzword.com\/fr\/wp-json\/wp\/v2\/posts\/11582","targetHints":{"allow":["GET"]}}],"collection":[{"href":"https:\/\/www.fanzword.com\/fr\/wp-json\/wp\/v2\/posts"}],"about":[{"href":"https:\/\/www.fanzword.com\/fr\/wp-json\/wp\/v2\/types\/post"}],"author":[{"embeddable":true,"href":"https:\/\/www.fanzword.com\/fr\/wp-json\/wp\/v2\/users\/2"}],"replies":[{"embeddable":true,"href":"https:\/\/www.fanzword.com\/fr\/wp-json\/wp\/v2\/comments?post=11582"}],"version-history":[{"count":1,"href":"https:\/\/www.fanzword.com\/fr\/wp-json\/wp\/v2\/posts\/11582\/revisions"}],"predecessor-version":[{"id":11583,"href":"https:\/\/www.fanzword.com\/fr\/wp-json\/wp\/v2\/posts\/11582\/revisions\/11583"}],"wp:featuredmedia":[{"embeddable":true,"href":"https:\/\/www.fanzword.com\/fr\/wp-json\/wp\/v2\/media\/11578"}],"wp:attachment":[{"href":"https:\/\/www.fanzword.com\/fr\/wp-json\/wp\/v2\/media?parent=11582"}],"wp:term":[{"taxonomy":"category","embeddable":true,"href":"https:\/\/www.fanzword.com\/fr\/wp-json\/wp\/v2\/categories?post=11582"},{"taxonomy":"post_tag","embeddable":true,"href":"https:\/\/www.fanzword.com\/fr\/wp-json\/wp\/v2\/tags?post=11582"}],"curies":[{"name":"wp","href":"https:\/\/api.w.org\/{rel}","templated":true}]}}