{"id":11475,"date":"2024-04-17T12:26:38","date_gmt":"2024-04-17T12:26:38","guid":{"rendered":"https:\/\/www.fanzword.com\/?p=11475"},"modified":"2024-04-17T12:26:38","modified_gmt":"2024-04-17T12:26:38","slug":"un-choix-choquant-qui-succedera-a-xavi-comme-entraineur-de-barcelone","status":"publish","type":"post","link":"https:\/\/www.fanzword.com\/fr\/un-choix-choquant-qui-succedera-a-xavi-comme-entraineur-de-barcelone\/","title":{"rendered":"Un choix choquant qui succ\u00e9dera \u00e0 Xavi comme entra\u00eeneur de Barcelone"},"content":{"rendered":"<p>Le journal \u00ab\u00a0Sport\u00a0\u00bb a rapport\u00e9 que Rafael Marquez \u00e9tait devenu le choix le plus probable pour succ\u00e9der \u00e0 Xavi Hern\u00e1ndez comme entra\u00eeneur de Barcelone la saison prochaine.<\/p>\n<p>Malgr\u00e9 les h\u00e9sitations d&rsquo;autres grands noms comme Hansi Flick, Roberto De Zerbe, Thomas Tuchel et d&rsquo;autres, la direction de Joan Laporta a retenu le nom de l&rsquo;entra\u00eeneur mexicain pour entra\u00eener le club catalan.<\/p>\n<p>La priorit\u00e9 de Barcelone reste de garder Xavi \u00e0 la t\u00eate des Blaugrana pour une autre saison, mais apr\u00e8s avoir quitt\u00e9 la Ligue des Champions, il est devenu difficile d&rsquo;en convaincre l&rsquo;entra\u00eeneur.<\/p>\n<p>Si Xavi insiste pour partir, Laporta estime que M\u00e1rquez est le plus apte \u00e0 lui succ\u00e9der et aimerait r\u00e9p\u00e9ter l&rsquo;exp\u00e9rience de Pep Guardiola en promouvant l&rsquo;entra\u00eeneur r\u00e9serve du Bar\u00e7a pour diriger l&rsquo;\u00e9quipe premi\u00e8re.<\/p>\n<p>Marquez, 45 ans, dirige la r\u00e9serve de Barcelone depuis juillet 2022 et, en pr\u00e8s de deux ans, il a disput\u00e9 72 matches, en remportant 34, en perdant 18 et en faisant 20 nuls.<\/p>\n<p>Marquez avait confirm\u00e9 aux m\u00e9dias apr\u00e8s l&rsquo;annonce du d\u00e9part de Xavi qu&rsquo;il r\u00eavait de diriger l&rsquo;\u00e9quipe premi\u00e8re du Bar\u00e7a, et a soulign\u00e9 qu&rsquo;il \u00e9tait le choix id\u00e9al en raison de sa connaissance du fonctionnement interne du Camp Nou.<\/p>\n","protected":false},"excerpt":{"rendered":"<p>Le journal \u00ab\u00a0Sport\u00a0\u00bb a rapport\u00e9 que Rafael Marquez \u00e9tait devenu le choix le plus probable pour succ\u00e9der \u00e0 Xavi Hern\u00e1ndez comme entra\u00eeneur de Barcelone la saison prochaine. Malgr\u00e9 les h\u00e9sitations d&rsquo;autres grands noms comme Hansi Flick, Roberto De Zerbe, Thomas Tuchel et d&rsquo;autres, la direction de Joan Laporta a retenu le nom de l&rsquo;entra\u00eeneur mexicain [&hellip;]<\/p>\n","protected":false},"author":2,"featured_media":11471,"comment_status":"open","ping_status":"open","sticky":false,"template":"","format":"standard","meta":{"sfio_featured_image":false,"sfio_embed_code":"","footnotes":""},"categories":[221,220],"tags":[],"class_list":["post-11475","post","type-post","status-publish","format-standard","has-post-thumbnail","hentry","category-barcelona-fr","category-la-liga-fr"],"_links":{"self":[{"href":"https:\/\/www.fanzword.com\/fr\/wp-json\/wp\/v2\/posts\/11475","targetHints":{"allow":["GET"]}}],"collection":[{"href":"https:\/\/www.fanzword.com\/fr\/wp-json\/wp\/v2\/posts"}],"about":[{"href":"https:\/\/www.fanzword.com\/fr\/wp-json\/wp\/v2\/types\/post"}],"author":[{"embeddable":true,"href":"https:\/\/www.fanzword.com\/fr\/wp-json\/wp\/v2\/users\/2"}],"replies":[{"embeddable":true,"href":"https:\/\/www.fanzword.com\/fr\/wp-json\/wp\/v2\/comments?post=11475"}],"version-history":[{"count":1,"href":"https:\/\/www.fanzword.com\/fr\/wp-json\/wp\/v2\/posts\/11475\/revisions"}],"predecessor-version":[{"id":11476,"href":"https:\/\/www.fanzword.com\/fr\/wp-json\/wp\/v2\/posts\/11475\/revisions\/11476"}],"wp:featuredmedia":[{"embeddable":true,"href":"https:\/\/www.fanzword.com\/fr\/wp-json\/wp\/v2\/media\/11471"}],"wp:attachment":[{"href":"https:\/\/www.fanzword.com\/fr\/wp-json\/wp\/v2\/media?parent=11475"}],"wp:term":[{"taxonomy":"category","embeddable":true,"href":"https:\/\/www.fanzword.com\/fr\/wp-json\/wp\/v2\/categories?post=11475"},{"taxonomy":"post_tag","embeddable":true,"href":"https:\/\/www.fanzword.com\/fr\/wp-json\/wp\/v2\/tags?post=11475"}],"curies":[{"name":"wp","href":"https:\/\/api.w.org\/{rel}","templated":true}]}}