{"id":11273,"date":"2024-04-14T20:17:10","date_gmt":"2024-04-14T20:17:10","guid":{"rendered":"https:\/\/www.fanzword.com\/?p=11273"},"modified":"2024-04-14T20:17:10","modified_gmt":"2024-04-14T20:17:10","slug":"un-club-espagnol-menace-le-pouvoir-du-real-madrid","status":"publish","type":"post","link":"https:\/\/www.fanzword.com\/fr\/un-club-espagnol-menace-le-pouvoir-du-real-madrid\/","title":{"rendered":"Un club espagnol menace le \u00ab pouvoir \u00bb du Real Madrid"},"content":{"rendered":"<p>Marca a indiqu\u00e9 que Davide Ancelotti, le fils de Carlo Ancelotti et entra\u00eeneur adjoint du Real Madrid, pourrait quitter le Royal Club \u00e0 la fin de la saison en cours, et la raison en est S\u00e9ville.<\/p>\n<p>Le club andalou est \u00e0 la recherche d&rsquo;un entra\u00eeneur permanent pour la saison prochaine et place le nom de Davide en t\u00eate de liste apr\u00e8s avoir travaill\u00e9 ces derni\u00e8res ann\u00e9es dans plusieurs clubs avec son p\u00e8re.<\/p>\n<p>De mani\u00e8re g\u00e9n\u00e9rale, S\u00e9ville n&rsquo;est pas le seul club int\u00e9ress\u00e9 par la signature du prometteur entra\u00eeneur italien. Il existe \u00e9galement un int\u00e9r\u00eat de la part de certains clubs anglais, mais pas aussi s\u00e9rieux que celui du club espagnol.<\/p>\n<p>\u00ab\u00a0Marca\u00a0\u00bb a r\u00e9v\u00e9l\u00e9 que Davide n&rsquo;h\u00e9site pas \u00e0 vivre l&rsquo;exp\u00e9rience de travailler seul et \u00e0 sortir de l&rsquo;ombre de son p\u00e8re, mais que cela d\u00e9pend du projet qui l&rsquo;attend.<\/p>\n<p>Peut-\u00eatre que le Real Madrid sera le plus grand perdant de cette affaire si cela se produit, car on sait que Davide joue un r\u00f4le majeur dans l&rsquo;entra\u00eenement, et il est pratiquement le deuxi\u00e8me homme des Merengue derri\u00e8re son p\u00e8re.<\/p>\n<p>Il est \u00e0 noter que Davide Ancelotti, 34 ans, a travaill\u00e9 comme assistant de son p\u00e8re dans les entra\u00eenements de Naples, Everton et enfin du Real Madrid, et avant cela, il \u00e9tait \u00e9galement pr\u00e9parateur physique au Paris Saint-Germain et au Real Madrid avec son p\u00e8re.<\/p>\n","protected":false},"excerpt":{"rendered":"<p>Marca a indiqu\u00e9 que Davide Ancelotti, le fils de Carlo Ancelotti et entra\u00eeneur adjoint du Real Madrid, pourrait quitter le Royal Club \u00e0 la fin de la saison en cours, et la raison en est S\u00e9ville. Le club andalou est \u00e0 la recherche d&rsquo;un entra\u00eeneur permanent pour la saison prochaine et place le nom de [&hellip;]<\/p>\n","protected":false},"author":2,"featured_media":11269,"comment_status":"open","ping_status":"open","sticky":false,"template":"","format":"standard","meta":{"sfio_featured_image":false,"sfio_embed_code":"","footnotes":""},"categories":[220,222],"tags":[],"class_list":["post-11273","post","type-post","status-publish","format-standard","has-post-thumbnail","hentry","category-la-liga-fr","category-real-madrid-fr"],"_links":{"self":[{"href":"https:\/\/www.fanzword.com\/fr\/wp-json\/wp\/v2\/posts\/11273","targetHints":{"allow":["GET"]}}],"collection":[{"href":"https:\/\/www.fanzword.com\/fr\/wp-json\/wp\/v2\/posts"}],"about":[{"href":"https:\/\/www.fanzword.com\/fr\/wp-json\/wp\/v2\/types\/post"}],"author":[{"embeddable":true,"href":"https:\/\/www.fanzword.com\/fr\/wp-json\/wp\/v2\/users\/2"}],"replies":[{"embeddable":true,"href":"https:\/\/www.fanzword.com\/fr\/wp-json\/wp\/v2\/comments?post=11273"}],"version-history":[{"count":1,"href":"https:\/\/www.fanzword.com\/fr\/wp-json\/wp\/v2\/posts\/11273\/revisions"}],"predecessor-version":[{"id":11274,"href":"https:\/\/www.fanzword.com\/fr\/wp-json\/wp\/v2\/posts\/11273\/revisions\/11274"}],"wp:featuredmedia":[{"embeddable":true,"href":"https:\/\/www.fanzword.com\/fr\/wp-json\/wp\/v2\/media\/11269"}],"wp:attachment":[{"href":"https:\/\/www.fanzword.com\/fr\/wp-json\/wp\/v2\/media?parent=11273"}],"wp:term":[{"taxonomy":"category","embeddable":true,"href":"https:\/\/www.fanzword.com\/fr\/wp-json\/wp\/v2\/categories?post=11273"},{"taxonomy":"post_tag","embeddable":true,"href":"https:\/\/www.fanzword.com\/fr\/wp-json\/wp\/v2\/tags?post=11273"}],"curies":[{"name":"wp","href":"https:\/\/api.w.org\/{rel}","templated":true}]}}