{"id":10878,"date":"2024-04-09T15:07:05","date_gmt":"2024-04-09T15:07:05","guid":{"rendered":"https:\/\/www.fanzword.com\/?p=10878"},"modified":"2024-04-09T15:07:05","modified_gmt":"2024-04-09T15:07:05","slug":"il-a-ete-confirme-que-la-star-du-psg-serait-absent-du-match-de-barcelone","status":"publish","type":"post","link":"https:\/\/www.fanzword.com\/fr\/il-a-ete-confirme-que-la-star-du-psg-serait-absent-du-match-de-barcelone\/","title":{"rendered":"Il a \u00e9t\u00e9 confirm\u00e9 que la star du PSG serait absent du match de Barcelone"},"content":{"rendered":"<p>Officiellement&#8230; il a \u00e9t\u00e9 confirm\u00e9 que la star du Paris Saint-Germain serait absent du match de Barcelone<\/p>\n<p>Le Paris Saint-Germain a confirm\u00e9 dans un communiqu\u00e9 officiel l&rsquo;absence de son joueur, Nordi Mukele, du match de Barcelone lors du match aller des quarts de finale de la Ligue des champions en raison d&rsquo;une blessure.<\/p>\n<p>Mukiele a subi une commotion c\u00e9r\u00e9brale qui l&rsquo;a oblig\u00e9 \u00e0 quitter le dernier match du Clermont Foot 13 minutes apr\u00e8s le d\u00e9but, et il serait risqu\u00e9 pour lui de participer contre Barcelone.<\/p>\n<p>\u00ab\u00a0Suite aux examens effectu\u00e9s par le neurologue, Nordi Mukele poursuivra le protocole de r\u00e9cup\u00e9ration apr\u00e8s commotion c\u00e9r\u00e9brale dans les prochains jours\u00a0\u00bb, a indiqu\u00e9 le club dans son communiqu\u00e9.<\/p>\n<p>L&rsquo;absence de Mukiele aura sans aucun doute une influence, \u00e9tant donn\u00e9 qu&rsquo;il est le seul arri\u00e8re droit disponible dans l&rsquo;effectif du Paris Saint-Germain suite \u00e0 la suspension d&rsquo;Achraf Hakimi.<\/p>\n<p>Pour cette raison, les m\u00e9dias fran\u00e7ais indiquent l&rsquo;intention de Luis Enrique de s&rsquo;appuyer d\u00e9sormais sur Marquinhos comme arri\u00e8re droit plut\u00f4t que comme arri\u00e8re central.<\/p>\n<p>Il est \u00e0 noter qu&rsquo;en plus d&rsquo;Hakimi et Mukiele, le PSG perdra les services de Bernicel Kimpembe sur blessure, tandis que Barkola pourra \u00eatre invoqu\u00e9, m\u00eame comme rempla\u00e7ant, apr\u00e8s s&rsquo;\u00eatre remis de sa r\u00e9cente blessure.<\/p>\n","protected":false},"excerpt":{"rendered":"<p>Officiellement&#8230; il a \u00e9t\u00e9 confirm\u00e9 que la star du Paris Saint-Germain serait absent du match de Barcelone Le Paris Saint-Germain a confirm\u00e9 dans un communiqu\u00e9 officiel l&rsquo;absence de son joueur, Nordi Mukele, du match de Barcelone lors du match aller des quarts de finale de la Ligue des champions en raison d&rsquo;une blessure. Mukiele a [&hellip;]<\/p>\n","protected":false},"author":2,"featured_media":10874,"comment_status":"open","ping_status":"open","sticky":false,"template":"","format":"standard","meta":{"sfio_featured_image":false,"sfio_embed_code":"","footnotes":""},"categories":[221,251,232],"tags":[],"class_list":["post-10878","post","type-post","status-publish","format-standard","has-post-thumbnail","hentry","category-barcelona-fr","category-ligue-des-champions","category-psg"],"_links":{"self":[{"href":"https:\/\/www.fanzword.com\/fr\/wp-json\/wp\/v2\/posts\/10878","targetHints":{"allow":["GET"]}}],"collection":[{"href":"https:\/\/www.fanzword.com\/fr\/wp-json\/wp\/v2\/posts"}],"about":[{"href":"https:\/\/www.fanzword.com\/fr\/wp-json\/wp\/v2\/types\/post"}],"author":[{"embeddable":true,"href":"https:\/\/www.fanzword.com\/fr\/wp-json\/wp\/v2\/users\/2"}],"replies":[{"embeddable":true,"href":"https:\/\/www.fanzword.com\/fr\/wp-json\/wp\/v2\/comments?post=10878"}],"version-history":[{"count":1,"href":"https:\/\/www.fanzword.com\/fr\/wp-json\/wp\/v2\/posts\/10878\/revisions"}],"predecessor-version":[{"id":10879,"href":"https:\/\/www.fanzword.com\/fr\/wp-json\/wp\/v2\/posts\/10878\/revisions\/10879"}],"wp:featuredmedia":[{"embeddable":true,"href":"https:\/\/www.fanzword.com\/fr\/wp-json\/wp\/v2\/media\/10874"}],"wp:attachment":[{"href":"https:\/\/www.fanzword.com\/fr\/wp-json\/wp\/v2\/media?parent=10878"}],"wp:term":[{"taxonomy":"category","embeddable":true,"href":"https:\/\/www.fanzword.com\/fr\/wp-json\/wp\/v2\/categories?post=10878"},{"taxonomy":"post_tag","embeddable":true,"href":"https:\/\/www.fanzword.com\/fr\/wp-json\/wp\/v2\/tags?post=10878"}],"curies":[{"name":"wp","href":"https:\/\/api.w.org\/{rel}","templated":true}]}}